{"id":1004,"date":"2021-01-31T19:25:07","date_gmt":"2021-01-31T18:25:07","guid":{"rendered":"https:\/\/tintafresca.net\/?p=1004"},"modified":"2021-01-31T19:25:07","modified_gmt":"2021-01-31T18:25:07","slug":"municipio-de-azambuja-promove-sessoes-online-de-mindfulness-para-professores-e-profissionais-de-saude","status":"publish","type":"post","link":"https:\/\/tintafresca.net\/index.php\/2021\/01\/31\/municipio-de-azambuja-promove-sessoes-online-de-mindfulness-para-professores-e-profissionais-de-saude\/","title":{"rendered":"Munic\u00edpio de Azambuja promove sess\u00f5es online de Mindfulness para professores e profissionais de sa\u00fade"},"content":{"rendered":"<div id=\"attachment_1006\" style=\"width: 510px\" class=\"wp-caption alignleft\"><img loading=\"lazy\" decoding=\"async\" aria-describedby=\"caption-attachment-1006\" class=\"wp-image-1006\" src=\"https:\/\/tintafresca.net\/wp-content\/uploads\/2021\/01\/Azambuja_Educadores_Professores-a-beira-de-um-ataque-de-nervos-300x75.png\" alt=\"\" width=\"500\" height=\"125\" srcset=\"https:\/\/tintafresca.net\/wp-content\/uploads\/2021\/01\/Azambuja_Educadores_Professores-a-beira-de-um-ataque-de-nervos-300x75.png 300w, https:\/\/tintafresca.net\/wp-content\/uploads\/2021\/01\/Azambuja_Educadores_Professores-a-beira-de-um-ataque-de-nervos.png 641w\" sizes=\"auto, (max-width: 500px) 100vw, 500px\" \/><p id=\"caption-attachment-1006\" class=\"wp-caption-text\">Cartaz<\/p><\/div>\n<p style=\"margin-bottom: 7.5pt; background: white;\"><span style=\"color: black;\">O Munic\u00edpio de Azambuja, atrav\u00e9s da EMIC \u2013 Equipa Multidisciplinar de Interven\u00e7\u00e3o Comunit\u00e1ria, est\u00e1 a promover duas sess\u00f5es online de <em>Mindfulness<\/em>, destinadas a professores\/educadores e a profissionais de sa\u00fade.<\/span><\/p>\n<p style=\"margin-bottom: 7.5pt; background: white; box-sizing: border-box;\"><span style=\"color: black;\">Estas sess\u00f5es t\u00eam como objetivo auxiliar estes profissionais no apoio \u00e0 aplica\u00e7\u00e3o de ferramentas para encontrar a paz interior e a aten\u00e7\u00e3o plena, atrav\u00e9s da partilha de algumas t\u00e9cnicas e ferramentas de\u00a0<em>Mindfulness<\/em>.<\/span><\/p>\n<p style=\"margin-bottom: 7.5pt; background: white; box-sizing: border-box;\"><span style=\"color: black;\">A primeira sess\u00e3o est\u00e1 marcada para o dia 3 de fevereiro, quarta-feira, pelas 15h00, com o tema \u201cEducadores\/Professores \u00e0 beira de um ataque de nervos\u201d. Na sexta-feira, dia 5 de fevereiro, o tema da sess\u00e3o \u00e9 \u201cProfissionais de Sa\u00fade \u00e0 beira de um ataque de nervos\u201d.<\/span><\/p>\n<p style=\"margin-bottom: 7.5pt; background: white; box-sizing: border-box;\"><span style=\"color: black;\">A participa\u00e7\u00e3o \u00e9 gratuita, mediante inscri\u00e7\u00e3o at\u00e9 ao dia 2 de fevereiro, nos seguintes links:<\/span><\/p>\n<p style=\"margin-bottom: 7.5pt; background: white; box-sizing: border-box;\"><span style=\"color: black;\">\u00bb<\/span><span style=\"color: #3c4e62;\">\u00a0<a href=\"https:\/\/docs.google.com\/forms\/d\/e\/1FAIpQLSdPRjyHMkzu-c8ctLAoxbVlzSiapY5Pp6hra4ydKpZ7AKkhsw\/viewform\" target=\"_blank\" rel=\"noopener\"><span style=\"color: #007bff;\">A\u00e7\u00e3o \u201cEducadores\/Professores \u00e0 beira de um ataque de nervos\u201d<\/span><\/a><\/span><\/p>\n<p style=\"margin-bottom: 7.5pt; background: white; box-sizing: border-box;\"><span style=\"color: black;\">\u00bb<\/span><span style=\"color: #3c4e62;\">\u00a0<a href=\"https:\/\/docs.google.com\/forms\/d\/e\/1FAIpQLScIG-j8Y08KVg33vF1w4vqNfyUbFw0fQ8M4lO8Svoeakl4fyA\/viewform\" target=\"_blank\" rel=\"noopener\"><span style=\"color: #007bff;\">A\u00e7\u00e3o \u201cProfissionais de sa\u00fade \u00e0 beira de um ataque de nervos\u201d<\/span><\/a><\/span><\/p>\n<p style=\"margin-bottom: 7.5pt; background: white; box-sizing: border-box;\"><span style=\"color: black;\">Ap\u00f3s a inscri\u00e7\u00e3o, ser\u00e1 enviado um link de acesso \u00e0 sess\u00e3o.<\/span><\/p>\n<p><strong>\u00a0 \u00a0 \u00a0Fonte: TC|GC|CMA<\/strong><\/p>\n","protected":false},"excerpt":{"rendered":"<p>O Munic\u00edpio de Azambuja, atrav\u00e9s da EMIC \u2013 Equipa Multidisciplinar de Interven\u00e7\u00e3o Comunit\u00e1ria, est\u00e1 a promover duas sess\u00f5es online de Mindfulness, destinadas a professores\/educadores e a profissionais de sa\u00fade. Estas sess\u00f5es t\u00eam como objetivo auxiliar estes profissionais no apoio \u00e0 aplica\u00e7\u00e3o de ferramentas para encontrar a paz interior e a aten\u00e7\u00e3o plena, atrav\u00e9s da partilha [&hellip;]<\/p>\n","protected":false},"author":2,"featured_media":1007,"comment_status":"open","ping_status":"open","sticky":false,"template":"","format":"standard","meta":{"footnotes":""},"categories":[14,6],"tags":[],"class_list":["post-1004","post","type-post","status-publish","format-standard","has-post-thumbnail","hentry","category-educacao","category-saude"],"_links":{"self":[{"href":"https:\/\/tintafresca.net\/index.php\/wp-json\/wp\/v2\/posts\/1004","targetHints":{"allow":["GET"]}}],"collection":[{"href":"https:\/\/tintafresca.net\/index.php\/wp-json\/wp\/v2\/posts"}],"about":[{"href":"https:\/\/tintafresca.net\/index.php\/wp-json\/wp\/v2\/types\/post"}],"author":[{"embeddable":true,"href":"https:\/\/tintafresca.net\/index.php\/wp-json\/wp\/v2\/users\/2"}],"replies":[{"embeddable":true,"href":"https:\/\/tintafresca.net\/index.php\/wp-json\/wp\/v2\/comments?post=1004"}],"version-history":[{"count":2,"href":"https:\/\/tintafresca.net\/index.php\/wp-json\/wp\/v2\/posts\/1004\/revisions"}],"predecessor-version":[{"id":1008,"href":"https:\/\/tintafresca.net\/index.php\/wp-json\/wp\/v2\/posts\/1004\/revisions\/1008"}],"wp:featuredmedia":[{"embeddable":true,"href":"https:\/\/tintafresca.net\/index.php\/wp-json\/wp\/v2\/media\/1007"}],"wp:attachment":[{"href":"https:\/\/tintafresca.net\/index.php\/wp-json\/wp\/v2\/media?parent=1004"}],"wp:term":[{"taxonomy":"category","embeddable":true,"href":"https:\/\/tintafresca.net\/index.php\/wp-json\/wp\/v2\/categories?post=1004"},{"taxonomy":"post_tag","embeddable":true,"href":"https:\/\/tintafresca.net\/index.php\/wp-json\/wp\/v2\/tags?post=1004"}],"curies":[{"name":"wp","href":"https:\/\/api.w.org\/{rel}","templated":true}]}}