{"id":10108,"date":"2021-10-21T18:44:22","date_gmt":"2021-10-21T18:44:22","guid":{"rendered":"https:\/\/tintafresca.net\/?p=10108"},"modified":"2021-10-22T10:41:29","modified_gmt":"2021-10-22T10:41:29","slug":"deputados-do-psd-do-circulo-de-leiria-criticam-passividade-de-antonio-sales-em-dotar-de-recursos-humanos-o-centro-hospitalar-de-leiria","status":"publish","type":"post","link":"https:\/\/tintafresca.net\/index.php\/2021\/10\/21\/deputados-do-psd-do-circulo-de-leiria-criticam-passividade-de-antonio-sales-em-dotar-de-recursos-humanos-o-centro-hospitalar-de-leiria\/","title":{"rendered":"Deputados do PSD do c\u00edrculo de Leiria criticam \u201cpassividade\u201d de Ant\u00f3nio Sales sobre o Centro Hospitalar de Leiria"},"content":{"rendered":"<div id=\"attachment_10110\" style=\"width: 510px\" class=\"wp-caption alignleft\"><img loading=\"lazy\" decoding=\"async\" aria-describedby=\"caption-attachment-10110\" class=\"wp-image-10110 size-full\" src=\"https:\/\/tintafresca.net\/wp-content\/uploads\/2021\/10\/Leiria_Antonio_Sales20.jpg\" alt=\"\" width=\"500\" height=\"356\" srcset=\"https:\/\/tintafresca.net\/wp-content\/uploads\/2021\/10\/Leiria_Antonio_Sales20.jpg 500w, https:\/\/tintafresca.net\/wp-content\/uploads\/2021\/10\/Leiria_Antonio_Sales20-300x214.jpg 300w\" sizes=\"auto, (max-width: 500px) 100vw, 500px\" \/><p id=\"caption-attachment-10110\" class=\"wp-caption-text\">Tomada de posse de Ant\u00f3nio Sales na Assembleia Municipal de Leiria, ao lado de Ant\u00f3nio Sequeira<\/p><\/div>\n<p>Os deputados do PSD do c\u00edrculo de Leiria divulgaram esta quinta-feira, dia 21 de outubro, uma carta aberta dirigida ao secret\u00e1rio de Estado adjunto e da Sa\u00fade e presidente da Assembleia Municipal de Leiria, Ant\u00f3nio Lacerda Sales, em que\u00a0consideram que \u201ca presta\u00e7\u00e3o de servi\u00e7os de sa\u00fade, no nosso Pa\u00eds, tem passado por momentos dif\u00edceis, muito agravados por uma j\u00e1 evidente falta de planeamento por parte do Minist\u00e9rio da Sa\u00fade, a qual tem contribu\u00eddo, de sobremaneira, para a degrada\u00e7\u00e3o do Servi\u00e7o Nacional de Sa\u00fade (SNS).<\/p>\n<p>Os deputados Hugo Patr\u00edcio Oliveira, Margarida Balseiro Lopes, Pedro Roque, Olga Silvestre e Jo\u00e3o Gomes Marques (PSD) entendem que \u201co Centro Hospitalar de Leiria tem sido um caso bem vis\u00edvel deste desnorte de um Governo em fim de ciclo e que em nada tem contribu\u00eddo para o desenvolvimento da sa\u00fade em Portugal.\u201d<\/p>\n<p>Com efeito, reconhecendo que \u201co Centro Hospitalar de Leiria tem vindo a perder especialidades por falta de profissionais nos seus quadros e que preencham as necessidades prementes no contexto regional\u201d, lamentam que, \u201cna falta de especialistas, o Governo se esconda na necessidade de formar mais profissionais.\u201d<\/p>\n<p>No entanto, os deputados do PSD constatam que \u201ca verdade \u00e9 que a distribui\u00e7\u00e3o dos novos especialistas recai, essencialmente, sobre os grandes centros urbanos, em detrimento de regi\u00f5es como a de Leiria. O Governo tarda, pois, em criar mecanismos que permitam uma efetiva fixa\u00e7\u00e3o dos profissionais de sa\u00fade nos territ\u00f3rios onde s\u00e3o mais precisos\u201d.<\/p>\n<p>Hugo Patr\u00edcio Oliveira, Margarida Balseiro Lopes, Pedro Roque, Olga Silvestre e Jo\u00e3o Gomes Marques consideram que \u201cn\u00e3o \u00e9 admiss\u00edvel que o Centro Hospitalar de Leiria tenha constantemente dificuldades de funcionamento por falta de recursos humanos, com consequ\u00eancias graves como foi o caso do recente encerramento provis\u00f3rio de servi\u00e7os de urg\u00eancia no Hospital de Santo Andr\u00e9.\u201d<\/p>\n<p>Mas entendem que \u201co que \u00e9 verdadeiramente de pasmar \u00e9 a passividade de V.\u00aa Ex.\u00aa, Dr. Lacerda Sales, que, apesar de exercer as fun\u00e7\u00f5es de Secret\u00e1rio de Estado Adjunto e da Sa\u00fade e, desde h\u00e1 pouco, as de Presidente da Assembleia Municipal de Leiria, assiste a toda esta degrada\u00e7\u00e3o do funcionamento dos servi\u00e7os de sa\u00fade na regi\u00e3o de Leiria, como se n\u00e3o tivesse qualquer responsabilidade na mat\u00e9ria.\u201d<\/p>\n<p>Para os parlamentares sociais-democratas do distrito de Leiria, \u201ca assun\u00e7\u00e3o de responsabilidades no exerc\u00edcio de cargos p\u00fablicos exige efici\u00eancia, mas tamb\u00e9m o sentido de responsabiliza\u00e7\u00e3o que deve recair em quem representa os seus eleitores.\u201d<\/p>\n<p>Assim, perante o que consideram \u201ca lament\u00e1vel atitude por parte do Dr. Lacerda Sales, quer enquanto governante quer na condi\u00e7\u00e3o de autarca, v\u00eam os deputados do Partido Social Democrata, eleitos pelo c\u00edrculo de Leiria, manifestar o seu profundo desagrado pela inefic\u00e1cia do Minist\u00e9rio da Sa\u00fade e pela sua incapacidade de dotar o Centro Hospitalar de Leiria com condi\u00e7\u00f5es m\u00ednimas para assegurar uma condigna presta\u00e7\u00e3o de cuidados de sa\u00fade aos utentes do SNS da regi\u00e3o.\u201d<\/p>\n<p>&nbsp;<\/p>\n","protected":false},"excerpt":{"rendered":"<p>Os deputados do PSD do c\u00edrculo de Leiria divulgaram esta quinta-feira, dia 21 de outubro, uma carta aberta dirigida ao secret\u00e1rio de Estado adjunto e da Sa\u00fade e presidente da Assembleia Municipal de Leiria, Ant\u00f3nio Lacerda Sales, em que\u00a0consideram que \u201ca presta\u00e7\u00e3o de servi\u00e7os de sa\u00fade, no nosso Pa\u00eds, tem passado por momentos dif\u00edceis, muito [&hellip;]<\/p>\n","protected":false},"author":2,"featured_media":10111,"comment_status":"open","ping_status":"open","sticky":false,"template":"","format":"standard","meta":{"footnotes":""},"categories":[6],"tags":[],"class_list":["post-10108","post","type-post","status-publish","format-standard","has-post-thumbnail","hentry","category-saude"],"_links":{"self":[{"href":"https:\/\/tintafresca.net\/index.php\/wp-json\/wp\/v2\/posts\/10108","targetHints":{"allow":["GET"]}}],"collection":[{"href":"https:\/\/tintafresca.net\/index.php\/wp-json\/wp\/v2\/posts"}],"about":[{"href":"https:\/\/tintafresca.net\/index.php\/wp-json\/wp\/v2\/types\/post"}],"author":[{"embeddable":true,"href":"https:\/\/tintafresca.net\/index.php\/wp-json\/wp\/v2\/users\/2"}],"replies":[{"embeddable":true,"href":"https:\/\/tintafresca.net\/index.php\/wp-json\/wp\/v2\/comments?post=10108"}],"version-history":[{"count":4,"href":"https:\/\/tintafresca.net\/index.php\/wp-json\/wp\/v2\/posts\/10108\/revisions"}],"predecessor-version":[{"id":10128,"href":"https:\/\/tintafresca.net\/index.php\/wp-json\/wp\/v2\/posts\/10108\/revisions\/10128"}],"wp:featuredmedia":[{"embeddable":true,"href":"https:\/\/tintafresca.net\/index.php\/wp-json\/wp\/v2\/media\/10111"}],"wp:attachment":[{"href":"https:\/\/tintafresca.net\/index.php\/wp-json\/wp\/v2\/media?parent=10108"}],"wp:term":[{"taxonomy":"category","embeddable":true,"href":"https:\/\/tintafresca.net\/index.php\/wp-json\/wp\/v2\/categories?post=10108"},{"taxonomy":"post_tag","embeddable":true,"href":"https:\/\/tintafresca.net\/index.php\/wp-json\/wp\/v2\/tags?post=10108"}],"curies":[{"name":"wp","href":"https:\/\/api.w.org\/{rel}","templated":true}]}}