{"id":10114,"date":"2021-10-21T20:56:06","date_gmt":"2021-10-21T20:56:06","guid":{"rendered":"https:\/\/tintafresca.net\/?p=10114"},"modified":"2021-10-21T22:33:09","modified_gmt":"2021-10-21T22:33:09","slug":"deputados-do-ps-eleitos-pelo-distrito-de-leiria-cerram-fileiras-em-defesa-de-antonio-sales","status":"publish","type":"post","link":"https:\/\/tintafresca.net\/index.php\/2021\/10\/21\/deputados-do-ps-eleitos-pelo-distrito-de-leiria-cerram-fileiras-em-defesa-de-antonio-sales\/","title":{"rendered":"Deputados do PS eleitos pelo Distrito de Leiria cerram fileiras em defesa de Ant\u00f3nio Sales"},"content":{"rendered":"<div id=\"attachment_10116\" style=\"width: 355px\" class=\"wp-caption alignleft\"><img loading=\"lazy\" decoding=\"async\" aria-describedby=\"caption-attachment-10116\" class=\"wp-image-10116 size-full\" src=\"https:\/\/tintafresca.net\/wp-content\/uploads\/2021\/10\/Leiria_Antonio_Costa.png\" alt=\"\" width=\"345\" height=\"226\" srcset=\"https:\/\/tintafresca.net\/wp-content\/uploads\/2021\/10\/Leiria_Antonio_Costa.png 345w, https:\/\/tintafresca.net\/wp-content\/uploads\/2021\/10\/Leiria_Antonio_Costa-300x197.png 300w\" sizes=\"auto, (max-width: 345px) 100vw, 345px\" \/><p id=\"caption-attachment-10116\" class=\"wp-caption-text\">Ant\u00f3nio Sales com o primeiro-ministro Ant\u00f3nio Costa no Hospital de Santo Andr\u00e9<\/p><\/div>\n<p>Os deputados do PS eleitos pelo Distrito de Leiria divulgaram esta quinta-feira, dia 21 de outubro, uma carta aberta de resposta \u00e0 carta aberta dos deputados do PSD eleitos por Leiria.<\/p>\n<p>Para Elza Pais, Sara Velez, Joel Bou\u00e7a Gomes e Jorge Gabriel Martins, \u201co momento excecional e exigente que vivemos em Portugal e no Mundo exige de todos os cidad\u00e3os um sentido de responsabilidade e compromisso a que ningu\u00e9m deve ser alheio. Muito menos os deputados\/as democraticamente eleitos. A estes pede-se que estejam \u00e0 altura do que o pa\u00eds clama e merece.\u201d<\/p>\n<p>Segundo os parlamentares socialistas, \u201c\u00e9 lament\u00e1vel que, depois do SNS ter dado prova da sua vitalidade durante o combate \u00e0 Pandemia e de procurar continuadamente solu\u00e7\u00f5es para continuar a robustec\u00ea-lo, haja quem esteja sempre a tentar, por motivos politicamente oportunistas, denegrir um servi\u00e7o que esteve \u00e0 altura dos mais recentes e brutais desafios com que a sa\u00fade foi confrontada.<\/p>\n<p>Os quatro deputados garantem que \u201co PS estar\u00e1 sempre do outro lado, do lado do SNS, que ergueu, e para o qual continua a trabalhar e a defender intransigentemente\u201d e que \u201cn\u00e3o h\u00e1 nenhum desnorte no Centro Hospitalar de Leiria, h\u00e1 profissionais empenhados em prestar os melhores cuidados de sa\u00fade \u00e0s popula\u00e7\u00f5es.\u201d<\/p>\n<p>Os deputados do PS eleitos pelo Distrito de Leiria referem que \u201co Centro Hospitalar de Leiria tem hoje mais 400 profissionais de sa\u00fade do que em 2015, quando governava o PSD. \u00c9 um refor\u00e7o de 22%, que abrange todas as categorias profissionais: mais 266 m\u00e9dicos, dos quais 64 especialistas, mais 189 enfermeiros e mais 58 Assistentes Operacionais foram os Governos do Partido Socialista que os contrataram\u201d e garantem que ir\u00e3o continuar esse caminho de refor\u00e7o.<\/p>\n<p>Al\u00e9m disso, \u201ctemos a sorte de ter como secret\u00e1rio de Estado Adjunto e da Sa\u00fade o leiriense Ant\u00f3nio Lacerda Sales, um profissional de sa\u00fade que que tem estado sempre na linha da frente do combate \u00e0 pandemia, e que tem sido o interlocutor do Minist\u00e9rio da Sa\u00fade junto das Ordens e Sindicatos, com quem nunca deixou de procurar um di\u00e1logo e solu\u00e7\u00f5es para as dificuldades\u201d, sublinham Elza Pais, Sara Velez, Joel Bou\u00e7a Gomes e Jorge Gabriel Martins.<\/p>\n<p>Segundo os parlamentares socialistas, \u201co reconhecimento do seu trabalho pelos portugueses em geral \u00e9 not\u00f3rio. E pelos leirienses, em particular, tamb\u00e9m, como se viu nas \u00faltimas elei\u00e7\u00f5es aut\u00e1rquicas em que foi eleito presidente da Assembleia Municipal de Leiria, de forma inequ\u00edvoca, o que orgulha e engradece a nossa regi\u00e3o e o Partido Socialista.\u201d<\/p>\n<p>Os quatro deputados manifestam a sua confian\u00e7a de que Ant\u00f3nio Lacerda Sales \u201ccertamente n\u00e3o deixar\u00e1 de continuar a cumprir as fun\u00e7\u00f5es que lhe foram confiadas sem as confundir como, de forma vil, os signat\u00e1rios da lament\u00e1vel carta aberta, a que ora respondemos, quiseram fazer\u201d e contrap\u00f5em que \u201cfelizmente, a melhor resposta foi-lhe dada pelos eleitores no passado dia 26 de setembro\u201d, nas elei\u00e7\u00f5es aut\u00e1rquicas.<\/p>\n<p><strong>Walter Chicharro manifesta \u201cprofunda indigna\u00e7\u00e3o com as acusa\u00e7\u00f5es que os eleitos pelo PSD no c\u00edrculo eleitoral de Leiria dirigiram ao Secret\u00e1rio de Estado Adjunto e da Sa\u00fade&#8221;<\/strong><\/p>\n<p>Tamb\u00e9m Walter Chicharro, em nome da Federa\u00e7\u00e3o Distrital de Leiria do Partido Socialista, veio expressar a sua \u201cprofunda indigna\u00e7\u00e3o para com as acusa\u00e7\u00f5es que os deputados \u00e0 Assembleia da Rep\u00fablica eleitos pelo PSD no c\u00edrculo eleitoral de Leiria dirigiram ao Secret\u00e1rio de Estado Adjunto e da Sa\u00fade, o m\u00e9dico Leiriense, Ant\u00f3nio Lacerda Sales. \u00c9 para mim absolutamente inconceb\u00edvel que os deputados em causa tenham achado aceit\u00e1vel usar o momento delicado (de que ainda n\u00e3o sa\u00edmos) como arma pol\u00edtica de arremesso.\u201d<\/p>\n<p>O presidente da Federa\u00e7\u00e3o Distrital de Leiria do Partido Socialista assegura que \u201ca marca do trabalho do m\u00e9dico leiriense Ant\u00f3nio Lacerda Sales na pol\u00edtica de sa\u00fade do pa\u00eds e no combate \u00e0 pandemia \u00e9 t\u00e3o not\u00f3ria e positiva que nem \u00e9 necess\u00e1rio argumentar em sua defesa. O distrito de Leiria, assim como o pa\u00eds inteiro, testemunhou em primeira m\u00e3o e estar\u00e1 certamente agradecido ao nosso secret\u00e1rio de estado adjunto e da sa\u00fade por nos ter acompanhado dia e noite neste que ainda \u00e9 o maior combate coletivo das nossas vidas.\u201d<\/p>\n<p>\u201cEstou certo que n\u00e3o ser\u00e3o estas infelizes, abjetas e, acima de tudo, injustas acusa\u00e7\u00f5es dos deputados do PSD que far\u00e3o o m\u00e9dico leiriense Ant\u00f3nio Lacerda Sales desviar-se do seu caminho\u201d, conclui Walter Chicharro.<\/p>\n","protected":false},"excerpt":{"rendered":"<p>Os deputados do PS eleitos pelo Distrito de Leiria divulgaram esta quinta-feira, dia 21 de outubro, uma carta aberta de resposta \u00e0 carta aberta dos deputados do PSD eleitos por Leiria. Para Elza Pais, Sara Velez, Joel Bou\u00e7a Gomes e Jorge Gabriel Martins, \u201co momento excecional e exigente que vivemos em Portugal e no Mundo [&hellip;]<\/p>\n","protected":false},"author":2,"featured_media":10118,"comment_status":"open","ping_status":"open","sticky":false,"template":"","format":"standard","meta":{"footnotes":""},"categories":[6],"tags":[],"class_list":["post-10114","post","type-post","status-publish","format-standard","has-post-thumbnail","hentry","category-saude"],"_links":{"self":[{"href":"https:\/\/tintafresca.net\/index.php\/wp-json\/wp\/v2\/posts\/10114","targetHints":{"allow":["GET"]}}],"collection":[{"href":"https:\/\/tintafresca.net\/index.php\/wp-json\/wp\/v2\/posts"}],"about":[{"href":"https:\/\/tintafresca.net\/index.php\/wp-json\/wp\/v2\/types\/post"}],"author":[{"embeddable":true,"href":"https:\/\/tintafresca.net\/index.php\/wp-json\/wp\/v2\/users\/2"}],"replies":[{"embeddable":true,"href":"https:\/\/tintafresca.net\/index.php\/wp-json\/wp\/v2\/comments?post=10114"}],"version-history":[{"count":3,"href":"https:\/\/tintafresca.net\/index.php\/wp-json\/wp\/v2\/posts\/10114\/revisions"}],"predecessor-version":[{"id":10119,"href":"https:\/\/tintafresca.net\/index.php\/wp-json\/wp\/v2\/posts\/10114\/revisions\/10119"}],"wp:featuredmedia":[{"embeddable":true,"href":"https:\/\/tintafresca.net\/index.php\/wp-json\/wp\/v2\/media\/10118"}],"wp:attachment":[{"href":"https:\/\/tintafresca.net\/index.php\/wp-json\/wp\/v2\/media?parent=10114"}],"wp:term":[{"taxonomy":"category","embeddable":true,"href":"https:\/\/tintafresca.net\/index.php\/wp-json\/wp\/v2\/categories?post=10114"},{"taxonomy":"post_tag","embeddable":true,"href":"https:\/\/tintafresca.net\/index.php\/wp-json\/wp\/v2\/tags?post=10114"}],"curies":[{"name":"wp","href":"https:\/\/api.w.org\/{rel}","templated":true}]}}