{"id":10129,"date":"2021-10-22T13:31:43","date_gmt":"2021-10-22T13:31:43","guid":{"rendered":"https:\/\/tintafresca.net\/?p=10129"},"modified":"2021-10-22T13:35:41","modified_gmt":"2021-10-22T13:35:41","slug":"centro-hospitalar-de-leiria-altera-condicoes-de-acesso-as-instalacoes-e-visitas","status":"publish","type":"post","link":"https:\/\/tintafresca.net\/index.php\/2021\/10\/22\/centro-hospitalar-de-leiria-altera-condicoes-de-acesso-as-instalacoes-e-visitas\/","title":{"rendered":"Centro Hospitalar de Leiria altera condi\u00e7\u00f5es de acesso \u00e0s instala\u00e7\u00f5es e visitas"},"content":{"rendered":"<div id=\"attachment_10131\" style=\"width: 510px\" class=\"wp-caption alignleft\"><img loading=\"lazy\" decoding=\"async\" aria-describedby=\"caption-attachment-10131\" class=\"wp-image-10131 size-full\" src=\"https:\/\/tintafresca.net\/wp-content\/uploads\/2021\/10\/Hospital-de-Santo-Andre-Leiria10.jpg\" alt=\"\" width=\"500\" height=\"375\" srcset=\"https:\/\/tintafresca.net\/wp-content\/uploads\/2021\/10\/Hospital-de-Santo-Andre-Leiria10.jpg 500w, https:\/\/tintafresca.net\/wp-content\/uploads\/2021\/10\/Hospital-de-Santo-Andre-Leiria10-300x225.jpg 300w\" sizes=\"auto, (max-width: 500px) 100vw, 500px\" \/><p id=\"caption-attachment-10131\" class=\"wp-caption-text\">Hospital de Santo Andr\u00e9<\/p><\/div>\n<p>Ap\u00f3s a revis\u00e3o de algumas medidas em vigor, em fun\u00e7\u00e3o da situa\u00e7\u00e3o que se vive atualmente no pa\u00eds e, em particular, na regi\u00e3o de Leiria, o Conselho de Administra\u00e7\u00e3o do Centro Hospitalar de Leiria (CHL) aprovou a quarta revis\u00e3o do procedimento de acesso \u00e0s instala\u00e7\u00f5es do CHL por n\u00e3o profissionais, na sua reuni\u00e3o de 20 de outubro, que define altera\u00e7\u00f5es nos acessos \u00e0s instala\u00e7\u00f5es por n\u00e3o profissionais e relativamente \u00e0s visitas e acompanhantes de doentes.<\/p>\n<p>O CHL informa que, no acesso \u00e0s suas instala\u00e7\u00f5es por n\u00e3o profissionais, \u00e9 obrigat\u00f3rio o uso de m\u00e1scara, e deixa de ser realizada a medi\u00e7\u00e3o da temperatura \u00e0 entrada das instala\u00e7\u00f5es e que as visitas e acompanhantes de doentes devem apresentar o Certificado Digital Covid da Uni\u00e3o Europeia, ou um resultado negativo num teste para a SARS-CoV-2, efetuado nas \u00faltimas 72 horas.<\/p>\n<p>&#8211; As visitas e acompanhantes de doentes devem ter em conta os seguintes hor\u00e1rios e indica\u00e7\u00f5es:<\/p>\n<ul>\n<li><strong>Servi\u00e7os de Internamento<\/strong> (inclui o Servi\u00e7o de Medicina Intensiva, Unidade de Cuidados Intensivos Card\u00edacos, Unidade de Internamento de Curta Dura\u00e7\u00e3o do Hospital de Alcoba\u00e7a Bernardino Lopes de Oliveira e do Hospital Distrital de Pombal, Unidade de Cuidados Agudos Polivalente e Unidade de Internamento de Doentes de Evolu\u00e7\u00e3o Prolongada de Psiquiatria): diariamente das 12h00 \u00e0s 20h00, restringindo-se a 1 pessoa por doente, com dura\u00e7\u00e3o de 30 minutos;<\/li>\n<li><strong>Pediatria e Unidade de Cuidados Especiais Neonatais e Pedi\u00e1tricos: <\/strong>\u00e9 permitida a perman\u00eancia do acompanhante 24 horas e de 1 visita nos termos definidos no ponto anterior;<\/li>\n<li><strong>Urg\u00eancia Pedi\u00e1trica: <\/strong>\u00e9 permitida a perman\u00eancia do acompanhante 24 horas;<\/li>\n<li><strong>Bloco de Partos:<\/strong> \u00e9 reconhecido \u00e0 mulher gr\u00e1vida o direito de acompanhamento durante todas as fases do trabalho de parto, por qualquer pessoa por si escolhida, desde que o\/a obstetra e anestesiologista n\u00e3o identifiquem contraindica\u00e7\u00f5es cl\u00ednicas;<\/li>\n<li><strong>Hospital de Dia:<\/strong> \u00e9 permitida a perman\u00eancia de um acompanhante durante a realiza\u00e7\u00e3o de tratamento.<\/li>\n<\/ul>\n<p>Estas altera\u00e7\u00f5es entram em vigor esta sexta-feira, dia 22 de outubro.<\/p>\n<p><strong>\u00a0 \u00a0 Fonte: Midlandcom<\/strong><\/p>\n","protected":false},"excerpt":{"rendered":"<p>Ap\u00f3s a revis\u00e3o de algumas medidas em vigor, em fun\u00e7\u00e3o da situa\u00e7\u00e3o que se vive atualmente no pa\u00eds e, em particular, na regi\u00e3o de Leiria, o Conselho de Administra\u00e7\u00e3o do Centro Hospitalar de Leiria (CHL) aprovou a quarta revis\u00e3o do procedimento de acesso \u00e0s instala\u00e7\u00f5es do CHL por n\u00e3o profissionais, na sua reuni\u00e3o de 20 [&hellip;]<\/p>\n","protected":false},"author":2,"featured_media":10132,"comment_status":"open","ping_status":"open","sticky":false,"template":"","format":"standard","meta":{"footnotes":""},"categories":[6],"tags":[],"class_list":["post-10129","post","type-post","status-publish","format-standard","has-post-thumbnail","hentry","category-saude"],"_links":{"self":[{"href":"https:\/\/tintafresca.net\/index.php\/wp-json\/wp\/v2\/posts\/10129","targetHints":{"allow":["GET"]}}],"collection":[{"href":"https:\/\/tintafresca.net\/index.php\/wp-json\/wp\/v2\/posts"}],"about":[{"href":"https:\/\/tintafresca.net\/index.php\/wp-json\/wp\/v2\/types\/post"}],"author":[{"embeddable":true,"href":"https:\/\/tintafresca.net\/index.php\/wp-json\/wp\/v2\/users\/2"}],"replies":[{"embeddable":true,"href":"https:\/\/tintafresca.net\/index.php\/wp-json\/wp\/v2\/comments?post=10129"}],"version-history":[{"count":2,"href":"https:\/\/tintafresca.net\/index.php\/wp-json\/wp\/v2\/posts\/10129\/revisions"}],"predecessor-version":[{"id":10133,"href":"https:\/\/tintafresca.net\/index.php\/wp-json\/wp\/v2\/posts\/10129\/revisions\/10133"}],"wp:featuredmedia":[{"embeddable":true,"href":"https:\/\/tintafresca.net\/index.php\/wp-json\/wp\/v2\/media\/10132"}],"wp:attachment":[{"href":"https:\/\/tintafresca.net\/index.php\/wp-json\/wp\/v2\/media?parent=10129"}],"wp:term":[{"taxonomy":"category","embeddable":true,"href":"https:\/\/tintafresca.net\/index.php\/wp-json\/wp\/v2\/categories?post=10129"},{"taxonomy":"post_tag","embeddable":true,"href":"https:\/\/tintafresca.net\/index.php\/wp-json\/wp\/v2\/tags?post=10129"}],"curies":[{"name":"wp","href":"https:\/\/api.w.org\/{rel}","templated":true}]}}