{"id":10161,"date":"2021-10-23T12:46:46","date_gmt":"2021-10-23T12:46:46","guid":{"rendered":"https:\/\/tintafresca.net\/?p=10161"},"modified":"2021-10-23T12:55:16","modified_gmt":"2021-10-23T12:55:16","slug":"area-para-doentes-respiratorios-do-hospital-das-caldas-da-rainha-continua-por-abrir","status":"publish","type":"post","link":"https:\/\/tintafresca.net\/index.php\/2021\/10\/23\/area-para-doentes-respiratorios-do-hospital-das-caldas-da-rainha-continua-por-abrir\/","title":{"rendered":"\u00c1rea para Doentes Respirat\u00f3rios do Hospital das Caldas da Rainha continua por abrir"},"content":{"rendered":"<div id=\"attachment_8797\" style=\"width: 510px\" class=\"wp-caption alignleft\"><img loading=\"lazy\" decoding=\"async\" aria-describedby=\"caption-attachment-8797\" class=\"wp-image-8797 size-full\" src=\"https:\/\/tintafresca.net\/wp-content\/uploads\/2021\/09\/Caldas_ADR-SU-da-Unidade-de-Caldas-da-Rainha-do-CHOeste10.jpg\" alt=\"\" width=\"500\" height=\"239\" srcset=\"https:\/\/tintafresca.net\/wp-content\/uploads\/2021\/09\/Caldas_ADR-SU-da-Unidade-de-Caldas-da-Rainha-do-CHOeste10.jpg 500w, https:\/\/tintafresca.net\/wp-content\/uploads\/2021\/09\/Caldas_ADR-SU-da-Unidade-de-Caldas-da-Rainha-do-CHOeste10-300x143.jpg 300w\" sizes=\"auto, (max-width: 500px) 100vw, 500px\" \/><p id=\"caption-attachment-8797\" class=\"wp-caption-text\">\u00c1rea Dedicada para Doentes Respirat\u00f3rios do Servi\u00e7o de Urg\u00eancia (ADR-SU) da Unidade das Caldas da Rainha do Centro Hospitalar do Oeste<\/p><\/div>\n<p>Os cinco deputados do PSD eleitos pelo distrito de Leiria colocaram duas perguntas \u00e0 ministra da Sa\u00fade, nos dias 22 e 21 de outubro, entregues na Assembleia da Rep\u00fablica, sobre a n\u00e3o abertura da \u00c1rea Dedicada para Doentes Respirat\u00f3rios do Servi\u00e7o de Urg\u00eancia (ADR-SU) da Unidade das Caldas da Rainha do Centro Hospitalar do Oeste e sobre o mau funcionamento da Unidade de Sa\u00fade dos Rostos, no Landal.<\/p>\n<p>Os parlamentares recordam que, no dia 9 de setembro, a ministra da Sa\u00fade, em resposta a quest\u00f5es colocadas pelos deputados do PSD do distrito de Leiria, transmitiu que se encontra \u201cem funcionamento desde 7 de setembro de 2021 a nova ADR- SU da unidade das Caldas da Rainha, inserida no CHO&#8221;, mas registam que &#8220;a ADR no Hospital das Caldas da Rainha se encontra encerrada, sem data de reabertura, com a consequ\u00eancia \u00f3bvia na inefici\u00eancia dos servi\u00e7os prestados no referido hospital.&#8221;<\/p>\n<p>Quanto \u00e0 cria\u00e7\u00e3o ao hospital de dia de diabetes para o hospital das Caldas da Rainha, e tendo a ministra da Sa\u00fade referido que se encontra em fase de revis\u00e3o t\u00e9cnica, Hugo Patr\u00edcio Oliveira, Margarida Balseiro Lopes, Pedro Roque, Olga Silvestre e Jo\u00e3o Gomes Marques (PSD) manifestam \u201cuma preocupa\u00e7\u00e3o clara sobre a inten\u00e7\u00e3o da sua concretiza\u00e7\u00e3o.\u201d<\/p>\n<p>Atendendo ao exposto, os parlamentares do PSD questionam a ministra da Sa\u00fade por quanto tempo permanecer\u00e1 encerrada a ADR no Hospital das Caldas da Rainha e, relativamente ao hospital de dia de diabetes, se assume se o referido servi\u00e7o vai ou n\u00e3o ser implementado.<\/p>\n<p>&nbsp;<\/p>\n<p><strong>Unidade de Sa\u00fade dos Rostos continua a n\u00e3o servir os utentes<\/strong><\/p>\n<p>No dia 1 de Junho, os deputados do PSD do distrito de Leiria do questionaram tamb\u00e9m a ministra da Sa\u00fade sobre o mau funcionamento da Unidade de Sa\u00fade dos Rostos, na freguesia do Landal, concelho das Caldas da Rainha e reiteram que durante os \u00faltimos anos, esta unidade de sa\u00fade tem vindo a perder v\u00e1rias val\u00eancias. Os parlamentares recordam que esta perda de val\u00eancias obriga a desloca\u00e7\u00f5es a outras unidades de sa\u00fade, nomeadamente \u00e0 sede de concelho e que \u201cs\u00e3o precisamente os mais vulner\u00e1veis, os que t\u00eam dificuldade de mobilidade que, \u201cno fim do dia\u201d, sofrem com esta falta de servi\u00e7os prestados.\u201d<\/p>\n<p>Al\u00e9m disso, lembram que Marta Temido informou que o \u201c\u2026 ACES Oeste Norte, est\u00e1 a envidar esfor\u00e7os no sentido de assegurar o normal funcionamento da Unidade de sa\u00fade de Rostos\u2026. , assegurando a realiza\u00e7\u00e3o de consultas em dois dias da semana.\u201d Ora, contrap\u00f5em, \u201cesses esfor\u00e7os foram aparentemente ingl\u00f3rios, visto que a unidade em causa continua a n\u00e3o corresponder \u00e0s expetativas da popula\u00e7\u00e3o e \u00e0s necessidades prementes dos utentes\u201d, \u201csendo incompreens\u00edvel que se mantenha esta situa\u00e7\u00e3o\u201d, esperando uma resposta atempada \u00e0s quest\u00f5es formuladas.<\/p>\n<p>Atendendo ao exposto, os cinco deputados do Grupo Parlamentar do PSD, questionam a ministra da Sa\u00fade se vai diligenciar no sentido de serem repostas as val\u00eancias perdidas na Unidade de Sa\u00fade dos Rostos no Landal, se v\u00e3o ser assegurados os cuidados de sa\u00fade aos 472 utentes desta unidade no local e se v\u00e3o ser contratados recursos humanos que permitam o seu normal funcionamento.<\/p>\n<p>Hugo Patr\u00edcio Oliveira, Margarida Balseiro Lopes, Pedro Roque, Olga Silvestre e Jo\u00e3o Gomes Marques querem ainda saber se Marta Temido \u201cassume que os utentes desta unidade de sa\u00fade continuam a ser prejudicados, ou vai intervir para repor a normalidade.\u201d<\/p>\n","protected":false},"excerpt":{"rendered":"<p>Os cinco deputados do PSD eleitos pelo distrito de Leiria colocaram duas perguntas \u00e0 ministra da Sa\u00fade, nos dias 22 e 21 de outubro, entregues na Assembleia da Rep\u00fablica, sobre a n\u00e3o abertura da \u00c1rea Dedicada para Doentes Respirat\u00f3rios do Servi\u00e7o de Urg\u00eancia (ADR-SU) da Unidade das Caldas da Rainha do Centro Hospitalar do Oeste [&hellip;]<\/p>\n","protected":false},"author":2,"featured_media":8799,"comment_status":"open","ping_status":"open","sticky":false,"template":"","format":"standard","meta":{"footnotes":""},"categories":[6],"tags":[],"class_list":["post-10161","post","type-post","status-publish","format-standard","has-post-thumbnail","hentry","category-saude"],"_links":{"self":[{"href":"https:\/\/tintafresca.net\/index.php\/wp-json\/wp\/v2\/posts\/10161","targetHints":{"allow":["GET"]}}],"collection":[{"href":"https:\/\/tintafresca.net\/index.php\/wp-json\/wp\/v2\/posts"}],"about":[{"href":"https:\/\/tintafresca.net\/index.php\/wp-json\/wp\/v2\/types\/post"}],"author":[{"embeddable":true,"href":"https:\/\/tintafresca.net\/index.php\/wp-json\/wp\/v2\/users\/2"}],"replies":[{"embeddable":true,"href":"https:\/\/tintafresca.net\/index.php\/wp-json\/wp\/v2\/comments?post=10161"}],"version-history":[{"count":2,"href":"https:\/\/tintafresca.net\/index.php\/wp-json\/wp\/v2\/posts\/10161\/revisions"}],"predecessor-version":[{"id":10163,"href":"https:\/\/tintafresca.net\/index.php\/wp-json\/wp\/v2\/posts\/10161\/revisions\/10163"}],"wp:featuredmedia":[{"embeddable":true,"href":"https:\/\/tintafresca.net\/index.php\/wp-json\/wp\/v2\/media\/8799"}],"wp:attachment":[{"href":"https:\/\/tintafresca.net\/index.php\/wp-json\/wp\/v2\/media?parent=10161"}],"wp:term":[{"taxonomy":"category","embeddable":true,"href":"https:\/\/tintafresca.net\/index.php\/wp-json\/wp\/v2\/categories?post=10161"},{"taxonomy":"post_tag","embeddable":true,"href":"https:\/\/tintafresca.net\/index.php\/wp-json\/wp\/v2\/tags?post=10161"}],"curies":[{"name":"wp","href":"https:\/\/api.w.org\/{rel}","templated":true}]}}