{"id":10247,"date":"2021-10-25T18:37:13","date_gmt":"2021-10-25T18:37:13","guid":{"rendered":"https:\/\/tintafresca.net\/?p=10247"},"modified":"2021-10-25T22:11:17","modified_gmt":"2021-10-25T22:11:17","slug":"pedro-reis-nomeado-vice-presidente-da-camara-municipal-do-cartaxo","status":"publish","type":"post","link":"https:\/\/tintafresca.net\/index.php\/2021\/10\/25\/pedro-reis-nomeado-vice-presidente-da-camara-municipal-do-cartaxo\/","title":{"rendered":"Pedro Reis nomeado vice-presidente da C\u00e2mara do Cartaxo"},"content":{"rendered":"<div id=\"attachment_10248\" style=\"width: 319px\" class=\"wp-caption alignleft\"><img loading=\"lazy\" decoding=\"async\" aria-describedby=\"caption-attachment-10248\" class=\"wp-image-10248 size-full\" src=\"https:\/\/tintafresca.net\/wp-content\/uploads\/2021\/10\/Cartaxo_Pedro_Reis.png\" alt=\"\" width=\"309\" height=\"170\" srcset=\"https:\/\/tintafresca.net\/wp-content\/uploads\/2021\/10\/Cartaxo_Pedro_Reis.png 309w, https:\/\/tintafresca.net\/wp-content\/uploads\/2021\/10\/Cartaxo_Pedro_Reis-300x165.png 300w\" sizes=\"auto, (max-width: 309px) 100vw, 309px\" \/><p id=\"caption-attachment-10248\" class=\"wp-caption-text\">Pedro Reis em cartaz eleitoral do PSD<\/p><\/div>\n<p>Na primeira reuni\u00e3o do Executivo Municipal do mandato 2021-2025, que teve lugar no dia 22 de outubro, no edif\u00edcio sede do munic\u00edpio, Jo\u00e3o Heitor, presidente da C\u00e2mara Municipal do Cartaxo, designou Pedro Reis e Maria Jo\u00e3o Oliveira como vereadores a tempo inteiro, atribuindo ao primeiro, a vice-presid\u00eancia da C\u00e2mara Municipal.<\/p>\n<p>Por proposta do presidente da C\u00e2mara Municipal o executivo deliberou ainda a fixa\u00e7\u00e3o de mais uma vereadora a tempo inteiro \u2013 Maria de F\u00e1tima Vinagre.<\/p>\n<p>O autarca prop\u00f4s, ainda, que as reuni\u00f5es ordin\u00e1rias da C\u00e2mara Municipal tivessem, no mandato que agora se inicia, periodicidade quinzenal, realizando-se na primeira e ter\u00e7a ter\u00e7a-feira de cada m\u00eas, \u00e0s 18h00, no edif\u00edcio-sede do Munic\u00edpio. Por solicita\u00e7\u00e3o dos vereadores do Partido Socialista, a proposta foi alterada para as 21h00, tendo sido aprovada por unanimidade.<\/p>\n<p>\u27bd\u00a0A pr\u00f3xima reuni\u00e3o ordin\u00e1ria da C\u00e2mara Municipal realizar-se-\u00e1 no dia 2 de novembro e ser\u00e1 transmitida em direto no canal de Youtube da C\u00e2mara Municipal do Cartaxo.<\/p>\n<p><a href=\"https:\/\/bit.ly\/2KypJgS\">https:\/\/bit.ly\/2KypJgS<\/a><\/p>\n<p>Fonte: GC|CMC<\/p>\n","protected":false},"excerpt":{"rendered":"<p>Na primeira reuni\u00e3o do Executivo Municipal do mandato 2021-2025, que teve lugar no dia 22 de outubro, no edif\u00edcio sede do munic\u00edpio, Jo\u00e3o Heitor, presidente da C\u00e2mara Municipal do Cartaxo, designou Pedro Reis e Maria Jo\u00e3o Oliveira como vereadores a tempo inteiro, atribuindo ao primeiro, a vice-presid\u00eancia da C\u00e2mara Municipal. Por proposta do presidente da [&hellip;]<\/p>\n","protected":false},"author":2,"featured_media":10249,"comment_status":"open","ping_status":"open","sticky":false,"template":"","format":"standard","meta":{"footnotes":""},"categories":[1],"tags":[],"class_list":["post-10247","post","type-post","status-publish","format-standard","has-post-thumbnail","hentry","category-uncategorized"],"_links":{"self":[{"href":"https:\/\/tintafresca.net\/index.php\/wp-json\/wp\/v2\/posts\/10247","targetHints":{"allow":["GET"]}}],"collection":[{"href":"https:\/\/tintafresca.net\/index.php\/wp-json\/wp\/v2\/posts"}],"about":[{"href":"https:\/\/tintafresca.net\/index.php\/wp-json\/wp\/v2\/types\/post"}],"author":[{"embeddable":true,"href":"https:\/\/tintafresca.net\/index.php\/wp-json\/wp\/v2\/users\/2"}],"replies":[{"embeddable":true,"href":"https:\/\/tintafresca.net\/index.php\/wp-json\/wp\/v2\/comments?post=10247"}],"version-history":[{"count":3,"href":"https:\/\/tintafresca.net\/index.php\/wp-json\/wp\/v2\/posts\/10247\/revisions"}],"predecessor-version":[{"id":10259,"href":"https:\/\/tintafresca.net\/index.php\/wp-json\/wp\/v2\/posts\/10247\/revisions\/10259"}],"wp:featuredmedia":[{"embeddable":true,"href":"https:\/\/tintafresca.net\/index.php\/wp-json\/wp\/v2\/media\/10249"}],"wp:attachment":[{"href":"https:\/\/tintafresca.net\/index.php\/wp-json\/wp\/v2\/media?parent=10247"}],"wp:term":[{"taxonomy":"category","embeddable":true,"href":"https:\/\/tintafresca.net\/index.php\/wp-json\/wp\/v2\/categories?post=10247"},{"taxonomy":"post_tag","embeddable":true,"href":"https:\/\/tintafresca.net\/index.php\/wp-json\/wp\/v2\/tags?post=10247"}],"curies":[{"name":"wp","href":"https:\/\/api.w.org\/{rel}","templated":true}]}}