{"id":10358,"date":"2021-10-29T10:18:40","date_gmt":"2021-10-29T10:18:40","guid":{"rendered":"https:\/\/tintafresca.net\/?p=10358"},"modified":"2021-10-29T10:18:40","modified_gmt":"2021-10-29T10:18:40","slug":"municipio-firma-protocolo-para-instalacao-em-ourem-de-equipa-comunitaria-de-saude-mental","status":"publish","type":"post","link":"https:\/\/tintafresca.net\/index.php\/2021\/10\/29\/municipio-firma-protocolo-para-instalacao-em-ourem-de-equipa-comunitaria-de-saude-mental\/","title":{"rendered":"Munic\u00edpio firma protocolo para instala\u00e7\u00e3o em Our\u00e9m de Equipa Comunit\u00e1ria de Sa\u00fade Mental"},"content":{"rendered":"<div id=\"attachment_10360\" style=\"width: 510px\" class=\"wp-caption alignleft\"><img loading=\"lazy\" decoding=\"async\" aria-describedby=\"caption-attachment-10360\" class=\"wp-image-10360 size-full\" src=\"https:\/\/tintafresca.net\/wp-content\/uploads\/2021\/10\/Ourem_Saude_Mental20.jpg\" alt=\"\" width=\"500\" height=\"333\" srcset=\"https:\/\/tintafresca.net\/wp-content\/uploads\/2021\/10\/Ourem_Saude_Mental20.jpg 500w, https:\/\/tintafresca.net\/wp-content\/uploads\/2021\/10\/Ourem_Saude_Mental20-300x200.jpg 300w\" sizes=\"auto, (max-width: 500px) 100vw, 500px\" \/><p id=\"caption-attachment-10360\" class=\"wp-caption-text\">Lu\u00eds Miguel Albuquerque e Casimiro Francisco Ramos assinaram o protocolo<\/p><\/div>\n<p>O Munic\u00edpio de Our\u00e9m e o Centro Hospitalar do M\u00e9dio Tejo celebraram esta quarta-feira o protocolo que oficializa a ced\u00eancia de uma sala e gabinetes existentes no Centro Municipal de Exposi\u00e7\u00f5es, para instala\u00e7\u00e3o da Equipa Comunit\u00e1ria de Sa\u00fade Mental para a Popula\u00e7\u00e3o Adulta.<\/p>\n<p>O presidente da C\u00e2mara Municipal, Lu\u00eds Miguel Albuquerque, e o presidente do Conselho de Administra\u00e7\u00e3o do Centro Hospitalar do M\u00e9dio Tejo, Casimiro Francisco Ramos, rubricaram o documento que vai garantir a prossecu\u00e7\u00e3o de um conjunto de servi\u00e7os e interven\u00e7\u00f5es na comunidade, desenvolvidos por esta Equipa Comunit\u00e1ria de Sa\u00fade Mental para a Popula\u00e7\u00e3o Adulta.<\/p>\n<p>A Equipa Comunit\u00e1ria de Sa\u00fade Mental para a Popula\u00e7\u00e3o Adulta \u00e9 considerada uma resposta inovadora a n\u00edvel nacional e \u00e9 constitu\u00edda por um m\u00e9dico psiquiatra, uma psic\u00f3loga, duas enfermeiras, uma terapeuta ocupacional, uma assistente social e uma assistente t\u00e9cnica. Esta equipa estar\u00e1 instalada no Centro Municipal de Exposi\u00e7\u00f5es a partir de 15 de novembro e o protocolo tem a vig\u00eancia de um ano, com renova\u00e7\u00e3o autom\u00e1tica por per\u00edodo igual de tempo. Esta resposta na \u00e1rea da sa\u00fade mental vai permitir que os tratamentos decorram na comunidade, em articula\u00e7\u00e3o com outros profissionais de sa\u00fade, e pretende ser um contributo para a redu\u00e7\u00e3o do estigma muitas vezes associado \u00e0 doen\u00e7a mental.<\/p>\n<p>O presidente da C\u00e2mara Municipal manifestou o seu regozijo por o concelho de Our\u00e9m ter sido escolhido para albergar a Equipa Comunit\u00e1ria de Sa\u00fade Mental para a popula\u00e7\u00e3o Adulta, resultado e reconhecimento do vasto trabalho desenvolvida pela autarquia nesta \u00e1rea de atua\u00e7\u00e3o.<\/p>\n<p><strong>\u00a0 \u00a0 Fonte: GC|CMO<\/strong><\/p>\n","protected":false},"excerpt":{"rendered":"<p>O Munic\u00edpio de Our\u00e9m e o Centro Hospitalar do M\u00e9dio Tejo celebraram esta quarta-feira o protocolo que oficializa a ced\u00eancia de uma sala e gabinetes existentes no Centro Municipal de Exposi\u00e7\u00f5es, para instala\u00e7\u00e3o da Equipa Comunit\u00e1ria de Sa\u00fade Mental para a Popula\u00e7\u00e3o Adulta. O presidente da C\u00e2mara Municipal, Lu\u00eds Miguel Albuquerque, e o presidente do [&hellip;]<\/p>\n","protected":false},"author":2,"featured_media":10361,"comment_status":"open","ping_status":"open","sticky":false,"template":"","format":"standard","meta":{"footnotes":""},"categories":[6],"tags":[],"class_list":["post-10358","post","type-post","status-publish","format-standard","has-post-thumbnail","hentry","category-saude"],"_links":{"self":[{"href":"https:\/\/tintafresca.net\/index.php\/wp-json\/wp\/v2\/posts\/10358","targetHints":{"allow":["GET"]}}],"collection":[{"href":"https:\/\/tintafresca.net\/index.php\/wp-json\/wp\/v2\/posts"}],"about":[{"href":"https:\/\/tintafresca.net\/index.php\/wp-json\/wp\/v2\/types\/post"}],"author":[{"embeddable":true,"href":"https:\/\/tintafresca.net\/index.php\/wp-json\/wp\/v2\/users\/2"}],"replies":[{"embeddable":true,"href":"https:\/\/tintafresca.net\/index.php\/wp-json\/wp\/v2\/comments?post=10358"}],"version-history":[{"count":2,"href":"https:\/\/tintafresca.net\/index.php\/wp-json\/wp\/v2\/posts\/10358\/revisions"}],"predecessor-version":[{"id":10362,"href":"https:\/\/tintafresca.net\/index.php\/wp-json\/wp\/v2\/posts\/10358\/revisions\/10362"}],"wp:featuredmedia":[{"embeddable":true,"href":"https:\/\/tintafresca.net\/index.php\/wp-json\/wp\/v2\/media\/10361"}],"wp:attachment":[{"href":"https:\/\/tintafresca.net\/index.php\/wp-json\/wp\/v2\/media?parent=10358"}],"wp:term":[{"taxonomy":"category","embeddable":true,"href":"https:\/\/tintafresca.net\/index.php\/wp-json\/wp\/v2\/categories?post=10358"},{"taxonomy":"post_tag","embeddable":true,"href":"https:\/\/tintafresca.net\/index.php\/wp-json\/wp\/v2\/tags?post=10358"}],"curies":[{"name":"wp","href":"https:\/\/api.w.org\/{rel}","templated":true}]}}