{"id":10369,"date":"2021-10-29T17:22:23","date_gmt":"2021-10-29T17:22:23","guid":{"rendered":"https:\/\/tintafresca.net\/?p=10369"},"modified":"2021-10-29T17:22:23","modified_gmt":"2021-10-29T17:22:23","slug":"grupo-nov-investe-em-energias-renovaveis-na-servia","status":"publish","type":"post","link":"https:\/\/tintafresca.net\/index.php\/2021\/10\/29\/grupo-nov-investe-em-energias-renovaveis-na-servia\/","title":{"rendered":"Grupo NOV investe em energias renov\u00e1veis na S\u00e9rvia"},"content":{"rendered":"<div id=\"attachment_10370\" style=\"width: 510px\" class=\"wp-caption alignleft\"><img loading=\"lazy\" decoding=\"async\" aria-describedby=\"caption-attachment-10370\" class=\"wp-image-10370 size-full\" src=\"https:\/\/tintafresca.net\/wp-content\/uploads\/2021\/10\/Leiria_Assinatura-Acordo_Grupo-NOV-Municipio-Golubac-Servia_10.jpg\" alt=\"\" width=\"500\" height=\"380\" srcset=\"https:\/\/tintafresca.net\/wp-content\/uploads\/2021\/10\/Leiria_Assinatura-Acordo_Grupo-NOV-Municipio-Golubac-Servia_10.jpg 500w, https:\/\/tintafresca.net\/wp-content\/uploads\/2021\/10\/Leiria_Assinatura-Acordo_Grupo-NOV-Municipio-Golubac-Servia_10-300x228.jpg 300w\" sizes=\"auto, (max-width: 500px) 100vw, 500px\" \/><p id=\"caption-attachment-10370\" class=\"wp-caption-text\">Cerim\u00f3nia de assinatura do protocolo<\/p><\/div>\n<p>O Grupo NOV Ambiente &amp; Energia, de Leiria, assinou, neste m\u00eas de outubro, um acordo de coopera\u00e7\u00e3o com a C\u00e2mara Municipal de Golubac, na S\u00e9rvia, com vista \u00e0 constru\u00e7\u00e3o de um Parque E\u00f3lico e um Parque Fotovoltaico.<\/p>\n<p>As apostas nas energias renov\u00e1veis e a utiliza\u00e7\u00e3o de tecnologia amiga do ambiente t\u00eam sido princ\u00edpios orientadores na sustentabilidade ambiental em muitos pa\u00edses europeus. A S\u00e9rvia, um pa\u00eds localizado na zona centro-oeste dos Balc\u00e3s, tem igualmente orientado as suas estrat\u00e9gias neste sentido.<\/p>\n<p>O Grupo NOV Ambiente &amp; Energia, atrav\u00e9s de uma empresa de direito local, celebrou um Acordo de Coopera\u00e7\u00e3o, com a C\u00e2mara Municipal de Golubac, um munic\u00edpio localizado\u00a0na regi\u00e3o de<a href=\"https:\/\/pt.wikipedia.org\/w\/index.php?title=Brani%C4%8Devo_(regi%C3%A3o)&amp;action=edit&amp;redlink=1\">Brani\u010devo<\/a>a pouco mais de 100 km a leste da capital Belgrado, para a constru\u00e7\u00e3o de dois Parques: um Parque E\u00f3lico em Ponikve e um Parque Fotovoltaico em Usije, cada um com 10 MW de pot\u00eancia.<\/p>\n<p>O projeto, para o qual j\u00e1 est\u00e3o emitidas as\u00a0autoriza\u00e7\u00f5es municipais necess\u00e1rias, tem um investimento total estimado em 15 milh\u00f5es de euros.<\/p>\n<p>A empresa est\u00e1 a proceder \u00e0\u00a0verifica\u00e7\u00e3o e certifica\u00e7\u00e3o do\u00a0regime dos ventos\u00a0bem como \u00e0\u00a0identifica\u00e7\u00e3o das parcelas\u00a0p\u00fablicas\u00a0e privadas a utilizar na instala\u00e7\u00e3o destes empreendimentos.Neste momento, encontra-se conclu\u00eddo o\u00a0estudo\u00a0do impacto do projeto sobre a migra\u00e7\u00e3o\u00a0das aves\u00a0e sobre os morcegos.<\/p>\n<p>Uma vez\u00a0que o projeto tem contado com o apoio da Embaixada de Portugal na S\u00e9rvia, a assinatura do acordo contou com a presen\u00e7a da Embaixadora de Portugal,\u00a0Maria Virg\u00ednia Pina,\u00a0e do C\u00f4nsul,\u00a0Jo\u00e3o Alvim,\u00a0que se deslocaram a Golubac para a reuni\u00e3o conjunta.<\/p>\n<p>O Grupo NOV Ambiente &amp; Energia tem as atividades centradas em Portugal, atrav\u00e9s de tr\u00eas empresas principais \u2013 BioSmart, Bioenergias e Treciver \u2013 que atuam essencialmente na \u00e1rea de energias renov\u00e1veis, gest\u00e3o e tratamento de res\u00edduos e \u00e1guas, gest\u00e3o e manuten\u00e7\u00e3o de infraestruturas de gest\u00e3o ambiental, transporte e acondicionamento de res\u00edduos, compostagem e valoriza\u00e7\u00e3o de org\u00e2nicos, engenharia e servi\u00e7os eletromec\u00e2nicos, entre outros.<\/p>\n<p><strong>\u00a0 \u00a0 Fonte: Midlandcom<\/strong><\/p>\n","protected":false},"excerpt":{"rendered":"<p>O Grupo NOV Ambiente &amp; Energia, de Leiria, assinou, neste m\u00eas de outubro, um acordo de coopera\u00e7\u00e3o com a C\u00e2mara Municipal de Golubac, na S\u00e9rvia, com vista \u00e0 constru\u00e7\u00e3o de um Parque E\u00f3lico e um Parque Fotovoltaico. As apostas nas energias renov\u00e1veis e a utiliza\u00e7\u00e3o de tecnologia amiga do ambiente t\u00eam sido princ\u00edpios orientadores na [&hellip;]<\/p>\n","protected":false},"author":2,"featured_media":10372,"comment_status":"open","ping_status":"open","sticky":false,"template":"","format":"standard","meta":{"footnotes":""},"categories":[7],"tags":[],"class_list":["post-10369","post","type-post","status-publish","format-standard","has-post-thumbnail","hentry","category-economia"],"_links":{"self":[{"href":"https:\/\/tintafresca.net\/index.php\/wp-json\/wp\/v2\/posts\/10369","targetHints":{"allow":["GET"]}}],"collection":[{"href":"https:\/\/tintafresca.net\/index.php\/wp-json\/wp\/v2\/posts"}],"about":[{"href":"https:\/\/tintafresca.net\/index.php\/wp-json\/wp\/v2\/types\/post"}],"author":[{"embeddable":true,"href":"https:\/\/tintafresca.net\/index.php\/wp-json\/wp\/v2\/users\/2"}],"replies":[{"embeddable":true,"href":"https:\/\/tintafresca.net\/index.php\/wp-json\/wp\/v2\/comments?post=10369"}],"version-history":[{"count":1,"href":"https:\/\/tintafresca.net\/index.php\/wp-json\/wp\/v2\/posts\/10369\/revisions"}],"predecessor-version":[{"id":10371,"href":"https:\/\/tintafresca.net\/index.php\/wp-json\/wp\/v2\/posts\/10369\/revisions\/10371"}],"wp:featuredmedia":[{"embeddable":true,"href":"https:\/\/tintafresca.net\/index.php\/wp-json\/wp\/v2\/media\/10372"}],"wp:attachment":[{"href":"https:\/\/tintafresca.net\/index.php\/wp-json\/wp\/v2\/media?parent=10369"}],"wp:term":[{"taxonomy":"category","embeddable":true,"href":"https:\/\/tintafresca.net\/index.php\/wp-json\/wp\/v2\/categories?post=10369"},{"taxonomy":"post_tag","embeddable":true,"href":"https:\/\/tintafresca.net\/index.php\/wp-json\/wp\/v2\/tags?post=10369"}],"curies":[{"name":"wp","href":"https:\/\/api.w.org\/{rel}","templated":true}]}}