{"id":10408,"date":"2021-10-30T21:36:06","date_gmt":"2021-10-30T21:36:06","guid":{"rendered":"https:\/\/tintafresca.net\/?p=10408"},"modified":"2021-10-30T21:44:37","modified_gmt":"2021-10-30T21:44:37","slug":"municipio-da-lourinha-associa-se-a-liga-portuguesa-contra-o-cancro-no-movimento-outubro-rosa","status":"publish","type":"post","link":"https:\/\/tintafresca.net\/index.php\/2021\/10\/30\/municipio-da-lourinha-associa-se-a-liga-portuguesa-contra-o-cancro-no-movimento-outubro-rosa\/","title":{"rendered":"Munic\u00edpio da Lourinh\u00e3 associa-se \u00e0 Liga Portuguesa Contra o Cancro no movimento Outubro Rosa"},"content":{"rendered":"<div id=\"attachment_10411\" style=\"width: 510px\" class=\"wp-caption alignleft\"><img loading=\"lazy\" decoding=\"async\" aria-describedby=\"caption-attachment-10411\" class=\"wp-image-10411 size-full\" src=\"https:\/\/tintafresca.net\/wp-content\/uploads\/2021\/10\/Lourinha_Cancro_da_Mama30.jpg\" alt=\"\" width=\"500\" height=\"375\" srcset=\"https:\/\/tintafresca.net\/wp-content\/uploads\/2021\/10\/Lourinha_Cancro_da_Mama30.jpg 500w, https:\/\/tintafresca.net\/wp-content\/uploads\/2021\/10\/Lourinha_Cancro_da_Mama30-300x225.jpg 300w\" sizes=\"auto, (max-width: 500px) 100vw, 500px\" \/><p id=\"caption-attachment-10411\" class=\"wp-caption-text\">Funcion\u00e1rios da C\u00e2mara Municipal da Lourinh\u00e3 aderiram \u00e0 campanha<\/p><\/div>\n<p>O Munic\u00edpio da Lourinh\u00e3 associa-se \u00e0 Liga Portuguesa Contra o Cancro, no movimento Outubro Rosa, com participa\u00e7\u00e3o em massa dos funcion\u00e1rios da autarquia, atrav\u00e9s de uma a\u00e7\u00e3o interna. De forma a assinalar o Dia Nacional da Preven\u00e7\u00e3o do Cancro da Mama, que se celebra no dia 30 de outubro, a Coordena\u00e7\u00e3o de Recursos Humanos e Forma\u00e7\u00e3o desenvolveu uma a\u00e7\u00e3o de sensibiliza\u00e7\u00e3o para preven\u00e7\u00e3o e diagn\u00f3stico do cancro da mama, que passou pela distribui\u00e7\u00e3o de informa\u00e7\u00e3o de sensibiliza\u00e7\u00e3o sobre o tema, bem como pelo apelo \u00e0 participa\u00e7\u00e3o de todos os funcion\u00e1rios do Munic\u00edpio da Lourinh\u00e3, pedindo-lhes que comparecessem nos seus locais de trabalho, no dia 29 de outubro, vestidos com uma pe\u00e7a de roupa ou acess\u00f3rio de cor rosa.<\/p>\n<p>O Munic\u00edpio adquiriu ainda garrafas de \u00e1gua da campanha \u201cOutubro Rosa\u201d, das \u00c1guas do Vimeiro, das quais 20% do valor reverte a favor da LPCC para ajuda na implementa\u00e7\u00e3o do Programa de Rastreio do Cancro da Mama, que foram distribu\u00eddas por todos os colaboradores da autarquia e colocadas nos balc\u00f5es de atendimento do edif\u00edcio sede da C\u00e2mara Municipal da Lourinh\u00e3. A a\u00e7\u00e3o foi documentada atrav\u00e9s de fotografia e v\u00eddeo, a serem divulgados nos canais digitais da autarquia.<\/p>\n<p>Recorde-se ainda que, no \u00e2mbito da campanha Outubro Rosa, at\u00e9 2 de novembro, a LPCC est\u00e1 a desenvolver na Lourinh\u00e3 o rastreio gratuito do cancro da mama, atrav\u00e9s da realiza\u00e7\u00e3o de mamografias numa Unidade M\u00f3vel, colocada na Pra\u00e7a Jos\u00e9 M\u00e1ximo da Costa, junto \u00e0 C\u00e2mara Municipal.<\/p>\n<p>O movimento conhecido por \u201cOutubro Rosa\u201d nasceu nos Estados Unidos da Am\u00e9rica, na d\u00e9cada de 90 do s\u00e9culo passado, com o intuito de inspirar a mudan\u00e7a e mobilizar a sociedade para a luta contra o cancro da mama. Desde ent\u00e3o, por todo o mundo, a cor rosa \u00e9 utilizada para homenagear as mulheres com cancro da mama, sensibilizar para a preven\u00e7\u00e3o e diagn\u00f3stico precoce e apoiar a investiga\u00e7\u00e3o nesta \u00e1rea.<\/p>\n","protected":false},"excerpt":{"rendered":"<p>O Munic\u00edpio da Lourinh\u00e3 associa-se \u00e0 Liga Portuguesa Contra o Cancro, no movimento Outubro Rosa, com participa\u00e7\u00e3o em massa dos funcion\u00e1rios da autarquia, atrav\u00e9s de uma a\u00e7\u00e3o interna. De forma a assinalar o Dia Nacional da Preven\u00e7\u00e3o do Cancro da Mama, que se celebra no dia 30 de outubro, a Coordena\u00e7\u00e3o de Recursos Humanos e [&hellip;]<\/p>\n","protected":false},"author":2,"featured_media":10414,"comment_status":"open","ping_status":"open","sticky":false,"template":"","format":"standard","meta":{"footnotes":""},"categories":[6],"tags":[],"class_list":["post-10408","post","type-post","status-publish","format-standard","has-post-thumbnail","hentry","category-saude"],"_links":{"self":[{"href":"https:\/\/tintafresca.net\/index.php\/wp-json\/wp\/v2\/posts\/10408","targetHints":{"allow":["GET"]}}],"collection":[{"href":"https:\/\/tintafresca.net\/index.php\/wp-json\/wp\/v2\/posts"}],"about":[{"href":"https:\/\/tintafresca.net\/index.php\/wp-json\/wp\/v2\/types\/post"}],"author":[{"embeddable":true,"href":"https:\/\/tintafresca.net\/index.php\/wp-json\/wp\/v2\/users\/2"}],"replies":[{"embeddable":true,"href":"https:\/\/tintafresca.net\/index.php\/wp-json\/wp\/v2\/comments?post=10408"}],"version-history":[{"count":3,"href":"https:\/\/tintafresca.net\/index.php\/wp-json\/wp\/v2\/posts\/10408\/revisions"}],"predecessor-version":[{"id":10413,"href":"https:\/\/tintafresca.net\/index.php\/wp-json\/wp\/v2\/posts\/10408\/revisions\/10413"}],"wp:featuredmedia":[{"embeddable":true,"href":"https:\/\/tintafresca.net\/index.php\/wp-json\/wp\/v2\/media\/10414"}],"wp:attachment":[{"href":"https:\/\/tintafresca.net\/index.php\/wp-json\/wp\/v2\/media?parent=10408"}],"wp:term":[{"taxonomy":"category","embeddable":true,"href":"https:\/\/tintafresca.net\/index.php\/wp-json\/wp\/v2\/categories?post=10408"},{"taxonomy":"post_tag","embeddable":true,"href":"https:\/\/tintafresca.net\/index.php\/wp-json\/wp\/v2\/tags?post=10408"}],"curies":[{"name":"wp","href":"https:\/\/api.w.org\/{rel}","templated":true}]}}