{"id":10535,"date":"2021-11-03T15:38:15","date_gmt":"2021-11-03T15:38:15","guid":{"rendered":"https:\/\/tintafresca.net\/?p=10535"},"modified":"2021-11-03T15:38:15","modified_gmt":"2021-11-03T15:38:15","slug":"caminhos-de-fatima-vao-ter-presenca-na-fairway-iv-forum-do-caminho-de-santiago","status":"publish","type":"post","link":"https:\/\/tintafresca.net\/index.php\/2021\/11\/03\/caminhos-de-fatima-vao-ter-presenca-na-fairway-iv-forum-do-caminho-de-santiago\/","title":{"rendered":"Caminhos de F\u00e1tima v\u00e3o ter presen\u00e7a na Fairway \u2013 IV F\u00f3rum do Caminho de Santiago"},"content":{"rendered":"<div id=\"attachment_10539\" style=\"width: 360px\" class=\"wp-caption alignleft\"><img loading=\"lazy\" decoding=\"async\" aria-describedby=\"caption-attachment-10539\" class=\"wp-image-10539 size-full\" src=\"https:\/\/tintafresca.net\/wp-content\/uploads\/2021\/11\/Fatima_Santiago.jpg\" alt=\"\" width=\"350\" height=\"201\" srcset=\"https:\/\/tintafresca.net\/wp-content\/uploads\/2021\/11\/Fatima_Santiago.jpg 350w, https:\/\/tintafresca.net\/wp-content\/uploads\/2021\/11\/Fatima_Santiago-300x172.jpg 300w\" sizes=\"auto, (max-width: 350px) 100vw, 350px\" \/><p id=\"caption-attachment-10539\" class=\"wp-caption-text\">Cartaz<\/p><\/div>\n<p>A ACISO \u2013 Associa\u00e7\u00e3o Empresarial de Our\u00e9m F\u00e1tima vai marcar presen\u00e7a com um stand promocional dos Caminhos de F\u00e1tima na FAIRWAY \u2013 IV F\u00f3rum do Caminho de Santiago, na cidade de Santiago de Compostela, em Espanha, entre os dias 7 e 9 de novembro. A FAIRWAY estar\u00e1 aberta das 10h \u00e0s 20h no dia 7 de novembro, e das 10h \u00e0s 19h nos dias 8 e 9 de novembro.<\/p>\n<p>O evento ser\u00e1 composto por tr\u00eas momentos: Feira, Workshop e Congresso. A ACISO participar\u00e1 na Feira e no Workshop, tendo ao seu dispor um stand de 4 m<sup>2<\/sup>, onde promover\u00e1 o destino F\u00e1tima, atrav\u00e9s da marca VISIT F\u00c1TIMA, e tamb\u00e9m os Caminhos de F\u00e1tima, desenvolvidos pelo Centro Nacional de Cultura. A Associa\u00e7\u00e3o tamb\u00e9m se ir\u00e1 reunir com os diversos\u00a0<em>Hosted Buyers<\/em>\u00a0presentes no certame, provenientes de pa\u00edses como Espanha, Fran\u00e7a, It\u00e1lia, Luxemburgo, Irlanda, Reino Unido, Argentina, Uruguai, \u00c1frica do Sul e tamb\u00e9m de Portugal.<\/p>\n<p>No dia 09 de novembro, pelas 12h45 (hora espanhola \u2013 GMT+1), a ACISO ir\u00e1 fazer uma apresenta\u00e7\u00e3o, de 15 minutos, aos Meios de Comunica\u00e7\u00e3o presentes, onde dar\u00e1 a conhecer os Caminhos de F\u00e1tima (Caminho do Tejo, Caminho do Norte, Caminho da Nazar\u00e9, Rota Carmelita e tamb\u00e9m o Caminho do Centen\u00e1rio) e a sua liga\u00e7\u00e3o aos Caminhos de Santiago, nomeadamente o Caminho Portugu\u00eas de Santiago, e far\u00e1 uma breve refer\u00eancia aos Caminhos que est\u00e3o em desenvolvimento (Caminho do Mar \u2013 Estoril, Caminho da Beira \u2013 Beira Interior, e o Caminho do Sul \u2013 Alentejo).<\/p>\n<p><strong>\u00a0 \u00a0 Fonte: ACISO<\/strong><\/p>\n","protected":false},"excerpt":{"rendered":"<p>A ACISO \u2013 Associa\u00e7\u00e3o Empresarial de Our\u00e9m F\u00e1tima vai marcar presen\u00e7a com um stand promocional dos Caminhos de F\u00e1tima na FAIRWAY \u2013 IV F\u00f3rum do Caminho de Santiago, na cidade de Santiago de Compostela, em Espanha, entre os dias 7 e 9 de novembro. A FAIRWAY estar\u00e1 aberta das 10h \u00e0s 20h no dia 7 [&hellip;]<\/p>\n","protected":false},"author":2,"featured_media":10540,"comment_status":"open","ping_status":"open","sticky":false,"template":"","format":"standard","meta":{"footnotes":""},"categories":[7,11],"tags":[],"class_list":["post-10535","post","type-post","status-publish","format-standard","has-post-thumbnail","hentry","category-economia","category-sociedade"],"_links":{"self":[{"href":"https:\/\/tintafresca.net\/index.php\/wp-json\/wp\/v2\/posts\/10535","targetHints":{"allow":["GET"]}}],"collection":[{"href":"https:\/\/tintafresca.net\/index.php\/wp-json\/wp\/v2\/posts"}],"about":[{"href":"https:\/\/tintafresca.net\/index.php\/wp-json\/wp\/v2\/types\/post"}],"author":[{"embeddable":true,"href":"https:\/\/tintafresca.net\/index.php\/wp-json\/wp\/v2\/users\/2"}],"replies":[{"embeddable":true,"href":"https:\/\/tintafresca.net\/index.php\/wp-json\/wp\/v2\/comments?post=10535"}],"version-history":[{"count":4,"href":"https:\/\/tintafresca.net\/index.php\/wp-json\/wp\/v2\/posts\/10535\/revisions"}],"predecessor-version":[{"id":10541,"href":"https:\/\/tintafresca.net\/index.php\/wp-json\/wp\/v2\/posts\/10535\/revisions\/10541"}],"wp:featuredmedia":[{"embeddable":true,"href":"https:\/\/tintafresca.net\/index.php\/wp-json\/wp\/v2\/media\/10540"}],"wp:attachment":[{"href":"https:\/\/tintafresca.net\/index.php\/wp-json\/wp\/v2\/media?parent=10535"}],"wp:term":[{"taxonomy":"category","embeddable":true,"href":"https:\/\/tintafresca.net\/index.php\/wp-json\/wp\/v2\/categories?post=10535"},{"taxonomy":"post_tag","embeddable":true,"href":"https:\/\/tintafresca.net\/index.php\/wp-json\/wp\/v2\/tags?post=10535"}],"curies":[{"name":"wp","href":"https:\/\/api.w.org\/{rel}","templated":true}]}}