{"id":10559,"date":"2021-11-04T10:38:08","date_gmt":"2021-11-04T10:38:08","guid":{"rendered":"https:\/\/tintafresca.net\/?p=10559"},"modified":"2021-11-04T10:45:32","modified_gmt":"2021-11-04T10:45:32","slug":"marinha-grande-leva-30-empresas-a-moldplas-na-batalha","status":"publish","type":"post","link":"https:\/\/tintafresca.net\/index.php\/2021\/11\/04\/marinha-grande-leva-30-empresas-a-moldplas-na-batalha\/","title":{"rendered":"Marinha Grande leva 30 empresas \u00e0 MOLDPLAS na Batalha"},"content":{"rendered":"<div id=\"attachment_10561\" style=\"width: 510px\" class=\"wp-caption alignleft\"><img loading=\"lazy\" decoding=\"async\" aria-describedby=\"caption-attachment-10561\" class=\"wp-image-10561 size-full\" src=\"https:\/\/tintafresca.net\/wp-content\/uploads\/2021\/11\/MG_MOLDPLAS30.jpg\" alt=\"\" width=\"500\" height=\"333\" srcset=\"https:\/\/tintafresca.net\/wp-content\/uploads\/2021\/11\/MG_MOLDPLAS30.jpg 500w, https:\/\/tintafresca.net\/wp-content\/uploads\/2021\/11\/MG_MOLDPLAS30-300x200.jpg 300w\" sizes=\"auto, (max-width: 500px) 100vw, 500px\" \/><p id=\"caption-attachment-10561\" class=\"wp-caption-text\">Raul Castro, N\u00e9lson de Souza, Jos\u00e9 Fraz\u00e3o e Aur\u00e9lio Ferreira<\/p><\/div>\n<p>O presidente da C\u00e2mara Municipal da Marinha Grande, Aur\u00e9lio Ferreira, esteve presente na inaugura\u00e7\u00e3o da MOLDPLAS &#8211; Sal\u00e3o de m\u00e1quinas, equipamentos, mat\u00e9rias-primas e tecnologia para moldes e pl\u00e1sticos, que decorreu no dia 3 de novembro, na ExpoSal\u00e3o, na Batalha.<\/p>\n<p>Neste \u00e2mbito, o presidente evidenciou a vertente fortemente exportadora e tecnol\u00f3gica da ind\u00fastria do concelho, conhecida internacionalmente, que associa a Inova\u00e7\u00e3o e o Conhecimento \u00e0 produ\u00e7\u00e3o de tecnologia \u201cmade in\u201d Marinha Grande.<\/p>\n<p>A abertura oficial do certame foi assegurada pelo ministro do Planeamento, Nelson de Souza, tendo tamb\u00e9m contado com o presidente da C\u00e2mara da Marinha Grande, Aur\u00e9lio Ferreira; o presidente da C\u00e2mara da Batalha, Raul Castro; o presidente da APIP &#8211; Associa\u00e7\u00e3o Portuguesa da Ind\u00fastria de Pl\u00e1sticos, Amaro Reis; o presidente da CEFAMOL &#8211; Associa\u00e7\u00e3o Nacional da Ind\u00fastria de Moldes; o diretor-geral do CENTIMFE &#8211; Centro Tecnol\u00f3gico da Ind\u00fastria de Moldes, Ferramentas Especiais e Pl\u00e1sticos, Rui Tocha; e o promotor da MOLDPLAS, Jos\u00e9 Fraz\u00e3o.<\/p>\n<p><img loading=\"lazy\" decoding=\"async\" class=\"alignleft wp-image-10562\" src=\"https:\/\/tintafresca.net\/wp-content\/uploads\/2021\/11\/MG_MOLDPLAS20.jpg\" alt=\"\" width=\"350\" height=\"525\" srcset=\"https:\/\/tintafresca.net\/wp-content\/uploads\/2021\/11\/MG_MOLDPLAS20.jpg 500w, https:\/\/tintafresca.net\/wp-content\/uploads\/2021\/11\/MG_MOLDPLAS20-200x300.jpg 200w\" sizes=\"auto, (max-width: 350px) 100vw, 350px\" \/>A MOLPLAS decorre de 3 a 6 de novembro, na Batalha. Tem como objetivo reunir no mesmo espa\u00e7o as empresas que fornecem e suportam este setor e fazer da feira o palco de apresenta\u00e7\u00e3o das propostas e solu\u00e7\u00f5es ao n\u00edvel das m\u00e1quinas, equipamentos, acess\u00f3rios, mat\u00e9rias-primas e tecnologia para moldes e pl\u00e1sticos.<\/p>\n<p>Conta com a participa\u00e7\u00e3o de cerca de 180 expositores dos setores de moldes e pl\u00e1sticos, tendo representadas cerca de 30 empresas do concelho da Marinha Grande.<\/p>\n<p><strong><em>\u00a0 \u00a0 Fonte: GCRP|CMMG<\/em><\/strong><\/p>\n","protected":false},"excerpt":{"rendered":"<p>O presidente da C\u00e2mara Municipal da Marinha Grande, Aur\u00e9lio Ferreira, esteve presente na inaugura\u00e7\u00e3o da MOLDPLAS &#8211; Sal\u00e3o de m\u00e1quinas, equipamentos, mat\u00e9rias-primas e tecnologia para moldes e pl\u00e1sticos, que decorreu no dia 3 de novembro, na ExpoSal\u00e3o, na Batalha. Neste \u00e2mbito, o presidente evidenciou a vertente fortemente exportadora e tecnol\u00f3gica da ind\u00fastria do concelho, conhecida [&hellip;]<\/p>\n","protected":false},"author":2,"featured_media":10563,"comment_status":"open","ping_status":"open","sticky":false,"template":"","format":"standard","meta":{"footnotes":""},"categories":[7],"tags":[],"class_list":["post-10559","post","type-post","status-publish","format-standard","has-post-thumbnail","hentry","category-economia"],"_links":{"self":[{"href":"https:\/\/tintafresca.net\/index.php\/wp-json\/wp\/v2\/posts\/10559","targetHints":{"allow":["GET"]}}],"collection":[{"href":"https:\/\/tintafresca.net\/index.php\/wp-json\/wp\/v2\/posts"}],"about":[{"href":"https:\/\/tintafresca.net\/index.php\/wp-json\/wp\/v2\/types\/post"}],"author":[{"embeddable":true,"href":"https:\/\/tintafresca.net\/index.php\/wp-json\/wp\/v2\/users\/2"}],"replies":[{"embeddable":true,"href":"https:\/\/tintafresca.net\/index.php\/wp-json\/wp\/v2\/comments?post=10559"}],"version-history":[{"count":3,"href":"https:\/\/tintafresca.net\/index.php\/wp-json\/wp\/v2\/posts\/10559\/revisions"}],"predecessor-version":[{"id":10565,"href":"https:\/\/tintafresca.net\/index.php\/wp-json\/wp\/v2\/posts\/10559\/revisions\/10565"}],"wp:featuredmedia":[{"embeddable":true,"href":"https:\/\/tintafresca.net\/index.php\/wp-json\/wp\/v2\/media\/10563"}],"wp:attachment":[{"href":"https:\/\/tintafresca.net\/index.php\/wp-json\/wp\/v2\/media?parent=10559"}],"wp:term":[{"taxonomy":"category","embeddable":true,"href":"https:\/\/tintafresca.net\/index.php\/wp-json\/wp\/v2\/categories?post=10559"},{"taxonomy":"post_tag","embeddable":true,"href":"https:\/\/tintafresca.net\/index.php\/wp-json\/wp\/v2\/tags?post=10559"}],"curies":[{"name":"wp","href":"https:\/\/api.w.org\/{rel}","templated":true}]}}