{"id":10591,"date":"2021-11-04T23:41:07","date_gmt":"2021-11-04T23:41:07","guid":{"rendered":"https:\/\/tintafresca.net\/?p=10591"},"modified":"2021-11-04T23:44:02","modified_gmt":"2021-11-04T23:44:02","slug":"centro-hospitalar-de-leiria-dedica-o-mes-de-novembro-a-diabetes-e-sensibiliza-para-o-acesso-aos-cuidados-para-prevenir-e-tratar-a-doenca","status":"publish","type":"post","link":"https:\/\/tintafresca.net\/index.php\/2021\/11\/04\/centro-hospitalar-de-leiria-dedica-o-mes-de-novembro-a-diabetes-e-sensibiliza-para-o-acesso-aos-cuidados-para-prevenir-e-tratar-a-doenca\/","title":{"rendered":"Centro Hospitalar de Leiria dedica o novembro \u00e0 diabetes e sensibiliza para preven\u00e7\u00e3o e tratamento da doen\u00e7a"},"content":{"rendered":"<div id=\"attachment_10131\" style=\"width: 510px\" class=\"wp-caption alignleft\"><img loading=\"lazy\" decoding=\"async\" aria-describedby=\"caption-attachment-10131\" class=\"wp-image-10131 size-full\" src=\"https:\/\/tintafresca.net\/wp-content\/uploads\/2021\/10\/Hospital-de-Santo-Andre-Leiria10.jpg\" alt=\"\" width=\"500\" height=\"375\" srcset=\"https:\/\/tintafresca.net\/wp-content\/uploads\/2021\/10\/Hospital-de-Santo-Andre-Leiria10.jpg 500w, https:\/\/tintafresca.net\/wp-content\/uploads\/2021\/10\/Hospital-de-Santo-Andre-Leiria10-300x225.jpg 300w\" sizes=\"auto, (max-width: 500px) 100vw, 500px\" \/><p id=\"caption-attachment-10131\" class=\"wp-caption-text\">Hospital de Santo Andr\u00e9<\/p><\/div>\n<p>A Unidade Integrada da Diabetes do Centro Hospitalar de Leiria (CHL), integrada na Unidade Coordenadora e Funcional da Diabetes do ACES Pinhal Litoral, dedica o m\u00eas de novembro ao tema da Diabetes, atrav\u00e9s da sensibiliza\u00e7\u00e3o da comunidade para a import\u00e2ncia do acesso aos cuidados de sa\u00fade para prevenir e tratar a doen\u00e7a, comemorando assim o Dia Mundial da Diabetes, que se assinala no dia 14 de novembro.<\/p>\n<p>Durante o m\u00eas de novembro ser\u00e3o divulgados dados, alertas e dicas sobre a diabetes, atrav\u00e9s de artigos de opini\u00e3o, com temas de diferentes especialidades m\u00e9dicas interligadas com a doen\u00e7a, de textos, que ser\u00e3o publicados no site e nas redes sociais do CHL (Facebook e LinkedIn), bem como a elabora\u00e7\u00e3o de cartazes, que ser\u00e3o afixados na entrada principal do Hospital de Santo Andr\u00e9 e no \u00e1trio da Consulta Externa. Este ano assinala-se tamb\u00e9m o centen\u00e1rio da descoberta da insulina, um marco hist\u00f3rico para o tratamento e controlo da diabetes.<\/p>\n<p>\u00abNa diabetes, a literacia em sa\u00fade \u00e9 importante a dois n\u00edveis: na preven\u00e7\u00e3o da doen\u00e7a e nos cuidados de sa\u00fade. A ado\u00e7\u00e3o de estilos de vida saud\u00e1veis (atividade f\u00edsica e alimenta\u00e7\u00e3o saud\u00e1vel) s\u00e3o fundamentais para a preven\u00e7\u00e3o da diabetes tipo 2 e para uma melhor gest\u00e3o da doen\u00e7a caso ela j\u00e1 se tenha instalado\u00bb, explica Alexandra Vieira, diretora do Servi\u00e7o de Endocrinologia e Nutri\u00e7\u00e3o do CHL. \u00abO aparecimento da diabetes, bem como o controlo da diabetes, est\u00e3o intimamente relacionados com as op\u00e7\u00f5es (alimentares, estilo de vida\u2026) das pessoas. Tamb\u00e9m o conhecimento das causas e consequ\u00eancias da diabetes por parte da popula\u00e7\u00e3o \u00e9 imprescind\u00edvel para reduzirmos os n\u00fameros desta pandemia global\u00bb, remata a m\u00e9dica.<\/p>\n<p>De acordo com a Federa\u00e7\u00e3o Internacional da Diabetes, o tema do Dia Mundial da Diabetes 2021-2023 foca o acesso aos cuidados para a diabetes, pois ainda existem milh\u00f5es de pessoas no mundo que n\u00e3o t\u00eam os cuidados de sa\u00fade que necessitam. Os indiv\u00edduos com diabetes precisam de cuidados cont\u00ednuos e de apoio para gerir a sua condi\u00e7\u00e3o de sa\u00fade, e evitar complica\u00e7\u00f5es. A Federa\u00e7\u00e3o Internacional da Diabetes defende tamb\u00e9m que est\u00e1 na hora de agir para aumentar o investimento nos cuidados e na preven\u00e7\u00e3o da diabetes, e garantir que todos os diab\u00e9ticos possam aceder aos cuidados que precisam. \u201cSe n\u00e3o for agora, quando?\u201d<\/p>\n<p>A Organiza\u00e7\u00e3o Mundial de Sa\u00fade (OMS) estima que, em 2030, existam 570 milh\u00f5es de pessoas com diabetes. Em 2019, esta doen\u00e7a estava entre as 10 principais causas de morte identificadas pela OMS, e a probabilidade de morrer devido \u00e0 diabetes aumentou 5% entre 2000 e 2016, na faixa et\u00e1ria entre os 30 e os 70 anos. Estima-se que um em cada dois adultos com diabetes permanece n\u00e3o diagnosticado, e a maioria tem diabetes tipo 2. Em Portugal a diabetes afeta cerca de 13% da popula\u00e7\u00e3o portuguesa, e \u00e9 respons\u00e1vel direta por morbilidades que provocam um elevado grau de incapacidade e diminui\u00e7\u00e3o acentuada da funcionalidade, como a cegueira e a amputa\u00e7\u00e3o de membros.<\/p>\n<p><strong>\u00a0 \u00a0Fonte: Midlandcom<\/strong><\/p>\n","protected":false},"excerpt":{"rendered":"<p>A Unidade Integrada da Diabetes do Centro Hospitalar de Leiria (CHL), integrada na Unidade Coordenadora e Funcional da Diabetes do ACES Pinhal Litoral, dedica o m\u00eas de novembro ao tema da Diabetes, atrav\u00e9s da sensibiliza\u00e7\u00e3o da comunidade para a import\u00e2ncia do acesso aos cuidados de sa\u00fade para prevenir e tratar a doen\u00e7a, comemorando assim o [&hellip;]<\/p>\n","protected":false},"author":2,"featured_media":10050,"comment_status":"open","ping_status":"open","sticky":false,"template":"","format":"standard","meta":{"footnotes":""},"categories":[6],"tags":[],"class_list":["post-10591","post","type-post","status-publish","format-standard","has-post-thumbnail","hentry","category-saude"],"_links":{"self":[{"href":"https:\/\/tintafresca.net\/index.php\/wp-json\/wp\/v2\/posts\/10591","targetHints":{"allow":["GET"]}}],"collection":[{"href":"https:\/\/tintafresca.net\/index.php\/wp-json\/wp\/v2\/posts"}],"about":[{"href":"https:\/\/tintafresca.net\/index.php\/wp-json\/wp\/v2\/types\/post"}],"author":[{"embeddable":true,"href":"https:\/\/tintafresca.net\/index.php\/wp-json\/wp\/v2\/users\/2"}],"replies":[{"embeddable":true,"href":"https:\/\/tintafresca.net\/index.php\/wp-json\/wp\/v2\/comments?post=10591"}],"version-history":[{"count":5,"href":"https:\/\/tintafresca.net\/index.php\/wp-json\/wp\/v2\/posts\/10591\/revisions"}],"predecessor-version":[{"id":10596,"href":"https:\/\/tintafresca.net\/index.php\/wp-json\/wp\/v2\/posts\/10591\/revisions\/10596"}],"wp:featuredmedia":[{"embeddable":true,"href":"https:\/\/tintafresca.net\/index.php\/wp-json\/wp\/v2\/media\/10050"}],"wp:attachment":[{"href":"https:\/\/tintafresca.net\/index.php\/wp-json\/wp\/v2\/media?parent=10591"}],"wp:term":[{"taxonomy":"category","embeddable":true,"href":"https:\/\/tintafresca.net\/index.php\/wp-json\/wp\/v2\/categories?post=10591"},{"taxonomy":"post_tag","embeddable":true,"href":"https:\/\/tintafresca.net\/index.php\/wp-json\/wp\/v2\/tags?post=10591"}],"curies":[{"name":"wp","href":"https:\/\/api.w.org\/{rel}","templated":true}]}}