{"id":1071,"date":"2021-02-02T19:27:52","date_gmt":"2021-02-02T19:27:52","guid":{"rendered":"https:\/\/tintafresca.net\/?p=1071"},"modified":"2021-02-02T19:29:44","modified_gmt":"2021-02-02T19:29:44","slug":"deputada-do-bloco-de-esquerda-confronta-ministro-do-ambiente-sobre-crime-ecologico-em-tomar","status":"publish","type":"post","link":"https:\/\/tintafresca.net\/index.php\/2021\/02\/02\/deputada-do-bloco-de-esquerda-confronta-ministro-do-ambiente-sobre-crime-ecologico-em-tomar\/","title":{"rendered":"Deputada do Bloco de Esquerda confronta ministro do Ambiente sobre \u201ccrime ecol\u00f3gico em Tomar\u201d"},"content":{"rendered":"<div id=\"attachment_1074\" style=\"width: 147px\" class=\"wp-caption alignleft\"><img loading=\"lazy\" decoding=\"async\" aria-describedby=\"caption-attachment-1074\" class=\"wp-image-1074 size-full\" src=\"https:\/\/tintafresca.net\/wp-content\/uploads\/2021\/02\/Santarem_Fabiola_Cardoso01.jpg\" alt=\"\" width=\"137\" height=\"180\" \/><p id=\"caption-attachment-1074\" class=\"wp-caption-text\">Fab\u00edola Cardoso<\/p><\/div>\n<p>No dia das elei\u00e7\u00f5es presidenciais, verificou-se mais um novo, intenso e prolongado epis\u00f3dio de descargas poluentes no rio Nab\u00e3o.\u00a0 A deputada eleita pelo BE no Distrito de Santar\u00e9m, Fab\u00edola Cardoso, confrontou o ministro do Ambiente, na Assembleia da Rep\u00fablica (AR), sobre esse grave atentado ecol\u00f3gico no Nab\u00e3o, que, para desespero da popula\u00e7\u00e3o, se repete com frequ\u00eancia e dura h\u00e1 d\u00e9cadas.<\/p>\n<p>Depois da autarquia de Tomar imputar a origem da polui\u00e7\u00e3o \u00e0 ETAR de Sei\u00e7a, que embora instalada no concelho de Tomar serve o Concelho vizinho de Our\u00e9m, a autarquia ouriense come\u00e7ou por negar responsabilidades, para depois as assumir, perante a evid\u00eancia dos factos. Agora, o Munic\u00edpio de Tomar tamb\u00e9m j\u00e1 reconhece a sua parte de responsabilidade no problema.<\/p>\n<p>\u201cTomar, tal como Our\u00e9m, n\u00e3o pode orgulhar-se do saneamento b\u00e1sico do concelho e tem revelado uma total aus\u00eancia de fiscaliza\u00e7\u00e3o e vigil\u00e2ncia dos agentes poluidores, a montante do rio. Encontrado o consenso entre os Munic\u00edpios e declarada a vontade comum de p\u00f4r fim ao problema, com a cria\u00e7\u00e3o da nova empresa \u201cTejo Ambiente, Empresa Intermunicipal do Ambiente do M\u00e9dio Tejo\u201d presidida atualmente pela presidente da C\u00e2mara de Tomar e tamb\u00e9m da CIMT, seriam de esperar avan\u00e7os decisivos na resolu\u00e7\u00e3o do problema. Mas tal n\u00e3o est\u00e1 a acontecer\u201d, refere Fab\u00edola Cardoso.<\/p>\n<p>Em 2020, os deputados europeus do BE, Marisa Matias e Jos\u00e9 Gusm\u00e3o, levaram o problema da polui\u00e7\u00e3o do Rio Nab\u00e3o ao Parlamento Europeu, que conforme o procedimento habitual, ter\u00e1 certamente endere\u00e7ado um pedido de explica\u00e7\u00f5es ao Governo portugu\u00eas, mas \u201co que poderia ter sido uma oportunidade para procurar ajuda financeira para o projeto ambientalista da despolui\u00e7\u00e3o do Nab\u00e3o, n\u00e3o o foi. Ou pelo menos, n\u00e3o se viu qualquer consequ\u00eancia pr\u00e1tica\u201d, salienta.<\/p>\n<p>A resposta do Minist\u00e9rio do Ambiente \u00e0 pergunta da semana passada na AR, transmitida pela secret\u00e1ria de Estado In\u00eas Costa, n\u00e3o faz refer\u00eancia a qualquer projeto ou plano em curso, nem aos custos e fontes de financiamento. Mas refere, em tom apaziguador, que a situa\u00e7\u00e3o estar\u00e1 a evoluir favoravelmente, que as C\u00e2maras de Tomar e Our\u00e9m est\u00e3o a trabalhar para resolver a situa\u00e7\u00e3o.<\/p>\n<p>Segundo a secret\u00e1ria de Estado, a empresa Tejo Ambiente estar\u00e1 a colaborar com a APA. Da\u00ed concluir que \u201cas medidas est\u00e3o todas em curso e esperamos que sejam eficazes para resolu\u00e7\u00e3o do problema assim que poss\u00edvel\u201d, mas, segundo a deputada bloquista eleita pelo distrito de Santar\u00e9m, \u201cnem uma palavra sobre a ETAR, nem sobre os 15 milh\u00f5es de euros de investimento necess\u00e1rios e j\u00e1 anunciados pela presidente e pelo diretor da Tejo Ambiente, verba que agora, nas palavras de In\u00eas Costa, parece\u00a0 afigurar-se desnecess\u00e1ria&#8230;\u201d<\/p>\n<p>O Bloco de Esquerda considera \u201cinaceit\u00e1vel que se continue a fazer tabu em atentados ambientais desta gravidade. O BE n\u00e3o reconhece estarem em curso medidas para resolver o problema. Ao que parece, querem silenciar a polui\u00e7\u00e3o do rio Nab\u00e3o at\u00e9 \u00e0s elei\u00e7\u00f5es aut\u00e1rquicas deste ano. O tema n\u00e3o interessa nem ao PS, a gerir a CMT h\u00e1 uma d\u00e9cada; nem interessa ao PSD, a quem cabe a responsabilidade da constru\u00e7\u00e3o em Tomar, sem contrapartidas para o concelho, da pol\u00e9mica ETAR.<\/p>\n<p>O Secretariado da CCD de Santar\u00e9m manifesta o seu rep\u00fadio pela situa\u00e7\u00e3o, solidariza-se com a popula\u00e7\u00e3o de Tomar e exige do Minist\u00e9rio do Ambiente e de todos as entidades envolvidas, transpar\u00eancia, seriedade e celeridade na resolu\u00e7\u00e3o deste atentado ecol\u00f3gico e tamb\u00e9m para a sa\u00fade p\u00fablica.<\/p>\n<p>&nbsp;<\/p>\n","protected":false},"excerpt":{"rendered":"<p>No dia das elei\u00e7\u00f5es presidenciais, verificou-se mais um novo, intenso e prolongado epis\u00f3dio de descargas poluentes no rio Nab\u00e3o.\u00a0 A deputada eleita pelo BE no Distrito de Santar\u00e9m, Fab\u00edola Cardoso, confrontou o ministro do Ambiente, na Assembleia da Rep\u00fablica (AR), sobre esse grave atentado ecol\u00f3gico no Nab\u00e3o, que, para desespero da popula\u00e7\u00e3o, se repete com [&hellip;]<\/p>\n","protected":false},"author":2,"featured_media":1074,"comment_status":"open","ping_status":"open","sticky":false,"template":"","format":"standard","meta":{"footnotes":""},"categories":[9],"tags":[],"class_list":["post-1071","post","type-post","status-publish","format-standard","has-post-thumbnail","hentry","category-ambiente"],"_links":{"self":[{"href":"https:\/\/tintafresca.net\/index.php\/wp-json\/wp\/v2\/posts\/1071","targetHints":{"allow":["GET"]}}],"collection":[{"href":"https:\/\/tintafresca.net\/index.php\/wp-json\/wp\/v2\/posts"}],"about":[{"href":"https:\/\/tintafresca.net\/index.php\/wp-json\/wp\/v2\/types\/post"}],"author":[{"embeddable":true,"href":"https:\/\/tintafresca.net\/index.php\/wp-json\/wp\/v2\/users\/2"}],"replies":[{"embeddable":true,"href":"https:\/\/tintafresca.net\/index.php\/wp-json\/wp\/v2\/comments?post=1071"}],"version-history":[{"count":2,"href":"https:\/\/tintafresca.net\/index.php\/wp-json\/wp\/v2\/posts\/1071\/revisions"}],"predecessor-version":[{"id":1075,"href":"https:\/\/tintafresca.net\/index.php\/wp-json\/wp\/v2\/posts\/1071\/revisions\/1075"}],"wp:featuredmedia":[{"embeddable":true,"href":"https:\/\/tintafresca.net\/index.php\/wp-json\/wp\/v2\/media\/1074"}],"wp:attachment":[{"href":"https:\/\/tintafresca.net\/index.php\/wp-json\/wp\/v2\/media?parent=1071"}],"wp:term":[{"taxonomy":"category","embeddable":true,"href":"https:\/\/tintafresca.net\/index.php\/wp-json\/wp\/v2\/categories?post=1071"},{"taxonomy":"post_tag","embeddable":true,"href":"https:\/\/tintafresca.net\/index.php\/wp-json\/wp\/v2\/tags?post=1071"}],"curies":[{"name":"wp","href":"https:\/\/api.w.org\/{rel}","templated":true}]}}