{"id":10720,"date":"2021-11-08T18:54:41","date_gmt":"2021-11-08T18:54:41","guid":{"rendered":"https:\/\/tintafresca.net\/?p=10720"},"modified":"2021-11-08T18:54:41","modified_gmt":"2021-11-08T18:54:41","slug":"utentes-do-centro-de-saude-da-cela-desesperam-sem-medico-de-familia-desde-julho","status":"publish","type":"post","link":"https:\/\/tintafresca.net\/index.php\/2021\/11\/08\/utentes-do-centro-de-saude-da-cela-desesperam-sem-medico-de-familia-desde-julho\/","title":{"rendered":"Utentes do Centro de Sa\u00fade da Cela desesperam sem m\u00e9dico de fam\u00edlia desde julho"},"content":{"rendered":"<div id=\"attachment_10722\" style=\"width: 510px\" class=\"wp-caption alignleft\"><img loading=\"lazy\" decoding=\"async\" aria-describedby=\"caption-attachment-10722\" class=\"wp-image-10722 size-full\" src=\"https:\/\/tintafresca.net\/wp-content\/uploads\/2021\/11\/Alcobaca_Cela_comissao_utentes10.jpg\" alt=\"\" width=\"500\" height=\"375\" srcset=\"https:\/\/tintafresca.net\/wp-content\/uploads\/2021\/11\/Alcobaca_Cela_comissao_utentes10.jpg 500w, https:\/\/tintafresca.net\/wp-content\/uploads\/2021\/11\/Alcobaca_Cela_comissao_utentes10-300x225.jpg 300w\" sizes=\"auto, (max-width: 500px) 100vw, 500px\" \/><p id=\"caption-attachment-10722\" class=\"wp-caption-text\">Comiss\u00e3o de utentes do Centro de Sa\u00fade da Cela compareceu esta segunda-feira na reuni\u00e3o da C\u00e2mara Municipal de Alcoba\u00e7a<\/p><\/div>\n<p>Representantes da comiss\u00e3o de utentes do Centro de Sa\u00fade da Cela manifestaram-se na reuni\u00e3o de C\u00e2mara de Alcoba\u00e7a, de 8 de novembro, e exigiram ao Executivo municipal que fa\u00e7a press\u00e3o junto do Minist\u00e9rio da Sa\u00fade, para que se resolva rapidamente o problema da falta de m\u00e9dicos naquele centro de sa\u00fade. Desde julho, altura em que se reformou o m\u00e9dico que ali prestava cuidados de sa\u00fade prim\u00e1rios, que os cerca de 3 mil celenses t\u00eam dificuldades em obter consultas, pedir receitu\u00e1rio ou fazer o acompanhamento das suas patologias cl\u00ednicas.<\/p>\n<p>Rog\u00e9rio Raimundo, um dos membros da comiss\u00e3o de utentes, salientou que \u201cos utentes com doen\u00e7as cr\u00f3nicas precisam de acompanhamento regular\u201d, sendo a maioria deles idosos, sem capacidade de desloca\u00e7\u00e3o para os servi\u00e7os complementares destinados aos utentes do Centro de Sa\u00fade da Cela, que se situam \u201cnas Caldas, na Nazar\u00e9 e Bombarral\u201d.<\/p>\n<p>Segundo o representante da comiss\u00e3o de utentes, apenas um m\u00e9dico presta servi\u00e7o naquela unidade de sa\u00fade, \u201cduas vezes por semana, \u00e0 tarde\u201d e \u201catende apenas 8 utentes\u201d, sendo que a situa\u00e7\u00e3o ainda se poder\u00e1 agravar mais, uma vez que este cl\u00ednico tamb\u00e9m ir\u00e1 reformar-se. Atualmente existem duas vagas em aberto para m\u00e9dico de fam\u00edlia no Centro de Sa\u00fade da Cela, que aguardam preenchimento.<\/p>\n<p>Tamb\u00e9m David Santos, representante dos utentes, considerou que no \u201cconcelho de Alcoba\u00e7a existem utentes de primeira, de segunda e de terceira\u201d e os \u201cutentes da Cela s\u00e3o de terceira porque n\u00e3o t\u00eam acesso a cuidados de sa\u00fade prim\u00e1rios\u201d, acrescentando que, \u201ca n\u00edvel de instala\u00e7\u00f5es, de materiais de diagn\u00f3stico, est\u00e3o completamente obsoletos\u201d e a \u201cfreguesia de Cela foi completamente esquecida\u201d neste campo.<\/p>\n<p>Herm\u00ednio Rodrigues, presidente da C\u00e2mara Municipal de Alcoba\u00e7a, admitiu que atualmente o Centro de Sa\u00fade da Cela \u201c\u00e9 dos piores do concelho\u201d, no que se refere \u00e0s instala\u00e7\u00f5es f\u00edsicas. O edil garantiu \u00e0 Comiss\u00e3o de utentes que tem acompanhado o caso e que tem a garantia por parte da diretora executiva do Agrupamento de Centros de Sa\u00fade (ACES) Oeste Norte, Ana Pisco, de que \u201cat\u00e9 ao final do ano este assunta ser\u00e1 resolvido\u201d.<\/p>\n<p>O presidente da C\u00e2mara garantiu que ir\u00e1 continuar a fazer press\u00e3o junto do Minist\u00e9rio da Sa\u00fade e por sua vez, o vereador do PS, Ant\u00f3nio Jos\u00e9 Henriques, apelou a que o munic\u00edpio exer\u00e7a a sua press\u00e3o n\u00e3o s\u00f3 junto do Minist\u00e9rio mas tamb\u00e9m junto da Ordem dos M\u00e9dicos \u201cque tamb\u00e9m tem grandes responsabilidades nesta mat\u00e9ria\u201d.<\/p>\n<p>No seguimento das a\u00e7\u00f5es de protesto contra a falta de cl\u00ednicos, a Comiss\u00e3o de Utentes ir\u00e1 promover no dia 9 de novembro, \u00e0s 21h, em frente ao Centro de Sa\u00fade da Cela, uma vig\u00edlia com o objetivo de reivindicar m\u00e9dicos de fam\u00edlia para aquele servi\u00e7o.<\/p>\n<p><strong> \u00a0M\u00f3nica Alexandre<\/strong><\/p>\n","protected":false},"excerpt":{"rendered":"<p>Representantes da comiss\u00e3o de utentes do Centro de Sa\u00fade da Cela manifestaram-se na reuni\u00e3o de C\u00e2mara de Alcoba\u00e7a, de 8 de novembro, e exigiram ao Executivo municipal que fa\u00e7a press\u00e3o junto do Minist\u00e9rio da Sa\u00fade, para que se resolva rapidamente o problema da falta de m\u00e9dicos naquele centro de sa\u00fade. Desde julho, altura em que [&hellip;]<\/p>\n","protected":false},"author":2,"featured_media":10723,"comment_status":"open","ping_status":"open","sticky":false,"template":"","format":"standard","meta":{"footnotes":""},"categories":[6],"tags":[],"class_list":["post-10720","post","type-post","status-publish","format-standard","has-post-thumbnail","hentry","category-saude"],"_links":{"self":[{"href":"https:\/\/tintafresca.net\/index.php\/wp-json\/wp\/v2\/posts\/10720","targetHints":{"allow":["GET"]}}],"collection":[{"href":"https:\/\/tintafresca.net\/index.php\/wp-json\/wp\/v2\/posts"}],"about":[{"href":"https:\/\/tintafresca.net\/index.php\/wp-json\/wp\/v2\/types\/post"}],"author":[{"embeddable":true,"href":"https:\/\/tintafresca.net\/index.php\/wp-json\/wp\/v2\/users\/2"}],"replies":[{"embeddable":true,"href":"https:\/\/tintafresca.net\/index.php\/wp-json\/wp\/v2\/comments?post=10720"}],"version-history":[{"count":2,"href":"https:\/\/tintafresca.net\/index.php\/wp-json\/wp\/v2\/posts\/10720\/revisions"}],"predecessor-version":[{"id":10724,"href":"https:\/\/tintafresca.net\/index.php\/wp-json\/wp\/v2\/posts\/10720\/revisions\/10724"}],"wp:featuredmedia":[{"embeddable":true,"href":"https:\/\/tintafresca.net\/index.php\/wp-json\/wp\/v2\/media\/10723"}],"wp:attachment":[{"href":"https:\/\/tintafresca.net\/index.php\/wp-json\/wp\/v2\/media?parent=10720"}],"wp:term":[{"taxonomy":"category","embeddable":true,"href":"https:\/\/tintafresca.net\/index.php\/wp-json\/wp\/v2\/categories?post=10720"},{"taxonomy":"post_tag","embeddable":true,"href":"https:\/\/tintafresca.net\/index.php\/wp-json\/wp\/v2\/tags?post=10720"}],"curies":[{"name":"wp","href":"https:\/\/api.w.org\/{rel}","templated":true}]}}