{"id":10801,"date":"2021-11-11T17:06:56","date_gmt":"2021-11-11T17:06:56","guid":{"rendered":"https:\/\/tintafresca.net\/?p=10801"},"modified":"2021-11-12T08:35:23","modified_gmt":"2021-11-12T08:35:23","slug":"utentes-do-centro-de-saude-da-cela-fazem-ultimato-ao-aces-oeste-norte","status":"publish","type":"post","link":"https:\/\/tintafresca.net\/index.php\/2021\/11\/11\/utentes-do-centro-de-saude-da-cela-fazem-ultimato-ao-aces-oeste-norte\/","title":{"rendered":"Utentes do Centro de Sa\u00fade da Cela fazem ultimato ao ACES Oeste Norte"},"content":{"rendered":"<div id=\"attachment_10804\" style=\"width: 510px\" class=\"wp-caption alignleft\"><img loading=\"lazy\" decoding=\"async\" aria-describedby=\"caption-attachment-10804\" class=\"wp-image-10804 size-full\" src=\"https:\/\/tintafresca.net\/wp-content\/uploads\/2021\/11\/Alcobaca_Cela40.jpg\" alt=\"\" width=\"500\" height=\"322\" srcset=\"https:\/\/tintafresca.net\/wp-content\/uploads\/2021\/11\/Alcobaca_Cela40.jpg 500w, https:\/\/tintafresca.net\/wp-content\/uploads\/2021\/11\/Alcobaca_Cela40-300x193.jpg 300w\" sizes=\"auto, (max-width: 500px) 100vw, 500px\" \/><p id=\"caption-attachment-10804\" class=\"wp-caption-text\">Interven\u00e7\u00e3o dos oradores junto ao Centro de Sa\u00fade da Cela<\/p><\/div>\n<p>Mais de meia centena de populares participaram no dia 9 de novembro, na vig\u00edlia organizada pela comiss\u00e3o dos Utentes do Centro de Sa\u00fade da Cela, Alcoba\u00e7a, como forma de protesto pela falta de cl\u00ednicos naquele centro de sa\u00fade. Ap\u00f3s a iniciativa ficou decidido pelos utentes que caso at\u00e9 ao final desta semana, ou seja, sexta-feira, dia 12 de novembro, a respons\u00e1vel pelo ACES Oeste Norte, Ana Pisco, n\u00e3o assine o documento que permite que o Centro de Sa\u00fade da Cela passe a ser um p\u00f3lo da USF Pedro e In\u00eas, os celenses ir\u00e3o em manifesta\u00e7\u00e3o at\u00e9 junto dos servi\u00e7os do ACES Oeste Norte.<\/p>\n<p>Segundo David Santos, \u201ch\u00e1 doentes concol\u00f3gicos que necessitam de credenciais para tratamento, outros de exames complementares. Doentes que precisam de encaminhamento m\u00e9dico para consultas de especialidade ou mesmo aqueles que n\u00e3o obt\u00eam receitu\u00e1rio\u201d, pelo que \u201cn\u00e3o podemos permitir mais o arrastar desta situa\u00e7\u00e3o, chegou ao limite. N\u00e3o podemos deixar que brinquem com a nossa sa\u00fade\u201d.<\/p>\n<p>O representante da comiss\u00e3o de utentes questiona o porqu\u00ea da \u201cn\u00e3o cria\u00e7\u00e3o de uma USF Cela, Alfeizer\u00e3o e S\u00e3o Martinho do Porto\u201d ou \u201cporque n\u00e3o a integra\u00e7\u00e3o do polo Cela na USF Pedro e In\u00eas\u201d, visto que existem cerca de 3 mil celenses sem m\u00e9dico de fam\u00edlia e aqueles que conseguem obter consulta tamb\u00e9m deixar\u00e3o de ter uma vez que o m\u00e9dico tamb\u00e9m ir\u00e1 reformar-se.<\/p>\n<p>David Santos lembrou que \u201cmuitos utentes sentiram na pele o que \u00e9 n\u00e3o ter m\u00e9dico de fam\u00edlia, o que \u00e9 esperar noites ao frio, ao relento, a dormir dentro de um carro, \u00e0 espera por uma consulta que pensavam que iam ter, que depois n\u00e3o t\u00eam e que n\u00e3o sabem quando v\u00e3o voltar a ter\u201d, pelo que \u201cprecisamos fazer alguma coisa, o nosso centro de sa\u00fade est\u00e1 a morrer\u201d.<\/p>\n<div id=\"attachment_10826\" style=\"width: 510px\" class=\"wp-caption alignleft\"><img loading=\"lazy\" decoding=\"async\" aria-describedby=\"caption-attachment-10826\" class=\"wp-image-10826 size-full\" src=\"https:\/\/tintafresca.net\/wp-content\/uploads\/2021\/11\/Alcobaca_Cela50.jpg\" alt=\"\" width=\"500\" height=\"333\" srcset=\"https:\/\/tintafresca.net\/wp-content\/uploads\/2021\/11\/Alcobaca_Cela50.jpg 500w, https:\/\/tintafresca.net\/wp-content\/uploads\/2021\/11\/Alcobaca_Cela50-300x200.jpg 300w\" sizes=\"auto, (max-width: 500px) 100vw, 500px\" \/><p id=\"caption-attachment-10826\" class=\"wp-caption-text\">Popula\u00e7\u00e3o promete manifestar-se junto \u00e0 sede do ACES Oeste Norte, nas Caldas da Rainha, se o problema n\u00e3o for resolvido<\/p><\/div>\n<p>O celense considera que \u201cse a senhora presidente do ACES Oeste Norte acha que n\u00e3o tem condi\u00e7\u00f5es para dar resposta aos problemas graves que enfrentam os centros de sa\u00fade sob a sua tutela, nomeadamente o da Cela, Alfeizer\u00e3o e S\u00e3o Martinho do Porto, ent\u00e3o que se demita\u201d.<\/p>\n<p>Por sua vez, Paulo Eus\u00e9bio, presidente de Junta de Freguesia da Cela, informou os populares de que desde maio de 2021 existem conversa\u00e7\u00f5es com a USF Pedro e In\u00eas em Alcoba\u00e7a, sendo que a \u201cproposta \u00e9 que este centro de sa\u00fade passe a ser um P\u00f3lo da USF Pedro e In\u00eas. Com m\u00e9dico de fam\u00edlia das 8h30 \u00e0s 17h e depois das 17h at\u00e9 \u00e0s 20h os utentes podem ser consultados na USF Pedro e In\u00eas em Alcoba\u00e7a\u201d.<\/p>\n<p>Paulo Eus\u00e9bio afirmou tamb\u00e9m que segundo \u201caquilo que a directora da USF Pedro e In\u00eas transmitiu \u00e9 que tem que ser a directora do ACES Oeste Norte, Dra. Ana Pisco, a assinar para n\u00f3s passarmos a ser um p\u00f3lo da USF Pedro e In\u00eas\u201d, mas \u201ctivemos uma reuni\u00e3o com a Dra. Ana Pisco, onde ela disse que n\u00e3o \u00e9 da tutela dela, que n\u00e3o \u00e9 ela que manda, que \u00e9 algu\u00e9m em Lisboa que manda\u201d.<\/p>\n<p>Segundo o autarca da Cela, a Junta de Freguesia est\u00e1 do lado dos utentes \u201cestamos a fazer todos os esfor\u00e7os para passar para a USF Pedro e In\u00eas em Alcoba\u00e7a, s\u00f3 \u00e9 preciso que a Dra. Ana Pisco assine preto no branco. Temos insistido v\u00e1rias vezes junto da Dra. Ana Pisco, com v\u00e1rias reuni\u00f5es e ela continua a insistir que n\u00e3o \u00e9 ela. Estamos \u00e0 espera que ela diga que vamos para a USF Pedro e In\u00eas. Vamos ficar melhor, garanto-vos. Vai haver um m\u00e9dico aqui, um enfermeiro, outro administrativo, s\u00f3 n\u00e3o sabemos \u00e9 quando\u201d, concluiu.<\/p>\n<div id=\"attachment_10828\" style=\"width: 510px\" class=\"wp-caption alignleft\"><img loading=\"lazy\" decoding=\"async\" aria-describedby=\"caption-attachment-10828\" class=\"wp-image-10828 size-full\" src=\"https:\/\/tintafresca.net\/wp-content\/uploads\/2021\/11\/Alcobaca_Cela_centro-Saude_30.jpg\" alt=\"\" width=\"500\" height=\"333\" srcset=\"https:\/\/tintafresca.net\/wp-content\/uploads\/2021\/11\/Alcobaca_Cela_centro-Saude_30.jpg 500w, https:\/\/tintafresca.net\/wp-content\/uploads\/2021\/11\/Alcobaca_Cela_centro-Saude_30-300x200.jpg 300w\" sizes=\"auto, (max-width: 500px) 100vw, 500px\" \/><p id=\"caption-attachment-10828\" class=\"wp-caption-text\">Centro de Sa\u00fade da Cela dever\u00e1 integrar a USF Pedro e In\u00eas<\/p><\/div>\n<p>Por sua vez, o vereador da C\u00e2mara de Alcoba\u00e7a, Paulo Mateus, considerou que \u201ctemos que nos manifestar, que nos fazer ouvir, temos que nos valer de tudo o que estiver ao nosso alcance para pressionar esta senhora, a resolver um assunto que \u00e0 partida n\u00e3o \u00e9 muito dif\u00edcil de resolver. A USF Pedro e In\u00eas tem m\u00e9dicos que aceitam vir para a Cela trabalhar, tem administrativos que aceitam vir para a Cela trabalhar, tem enfermeiros que aceitam vir para a Cela trabalhar, s\u00f3 n\u00e3o tem \u00e9 autoriza\u00e7\u00e3o da Dra. Ana Pisco. N\u00e3o pode ser assim\u201d.<\/p>\n<p>Para o vereador, \u201cuma popula\u00e7\u00e3o n\u00e3o pode ser prejudicada porque aquela senhora n\u00e3o despacha um assunto que est\u00e1 para despacho dela desde Maio\u201d, acrescentando que \u201co munic\u00edpio est\u00e1 do lado da popula\u00e7\u00e3o. Tanto o anterior presidente da C\u00e2mara como o atual pressionaram e continuam a pressionar para que haja uma decis\u00e3o. Espero que, com a nossa press\u00e3o de hoje, com a press\u00e3o que a junta de freguesia e a C\u00e2mara Municipal t\u00eam feito, se consiga arranjar uma solu\u00e7\u00e3o\u201d.<\/p>\n<p>Em rela\u00e7\u00e3o \u00e0s instala\u00e7\u00f5es do Centro de Sa\u00fade da Cela, tanto Paulo Eus\u00e9bio como Paulo Mateus reconhecem que \u201cn\u00e3o temos as melhores condi\u00e7\u00f5es\u201d, adiantando que a Junta de Freguesia est\u00e1 a trabalhar no projecto de requalifica\u00e7\u00e3o do centro de sa\u00fade e que \u201cassim que esteja terminado, a C\u00e2mara Municipal assume a verba para transformar este centro de sa\u00fade num centro de sa\u00fade condigno\u201d, afian\u00e7ou Paulo Mateus, sendo coadjuvado por Paulo Eus\u00e9bio que garantiu que \u201cqueremos criar condi\u00e7\u00f5es para os utentes e para quem aqui trabalha\u201d.<\/p>\n<p>No final da vig\u00edlia, e por proposta de um popular, foi decidido entre os participantes, que iriam solicitar ao munic\u00edpio de Alcoba\u00e7a, que mais uma vez pressione o ACES Oeste Norte, e nomeadamente a sua diretora Ana Pisco, a assinar o documento que permite a passagem do Centro de Sa\u00fade da Cela para p\u00f3lo da USF Pedro e In\u00eas, em Alcoba\u00e7a. Caso esse documento n\u00e3o seja assinado at\u00e9 dia 12 de novembro, a popula\u00e7\u00e3o ir\u00e1 em manifesta\u00e7\u00e3o at\u00e9 \u00e0s Caldas da Rainha e \u201cs\u00f3 sair\u00e1 quando a Dra. Ana Pisco assinar o papel\u201d.<\/p>\n<p><strong>\u00a0 \u00a0 \u00a0M\u00f3nica Alexandre<\/strong><\/p>\n","protected":false},"excerpt":{"rendered":"<p>Mais de meia centena de populares participaram no dia 9 de novembro, na vig\u00edlia organizada pela comiss\u00e3o dos Utentes do Centro de Sa\u00fade da Cela, Alcoba\u00e7a, como forma de protesto pela falta de cl\u00ednicos naquele centro de sa\u00fade. Ap\u00f3s a iniciativa ficou decidido pelos utentes que caso at\u00e9 ao final desta semana, ou seja, sexta-feira, [&hellip;]<\/p>\n","protected":false},"author":2,"featured_media":10806,"comment_status":"open","ping_status":"open","sticky":false,"template":"","format":"standard","meta":{"footnotes":""},"categories":[6],"tags":[],"class_list":["post-10801","post","type-post","status-publish","format-standard","has-post-thumbnail","hentry","category-saude"],"_links":{"self":[{"href":"https:\/\/tintafresca.net\/index.php\/wp-json\/wp\/v2\/posts\/10801","targetHints":{"allow":["GET"]}}],"collection":[{"href":"https:\/\/tintafresca.net\/index.php\/wp-json\/wp\/v2\/posts"}],"about":[{"href":"https:\/\/tintafresca.net\/index.php\/wp-json\/wp\/v2\/types\/post"}],"author":[{"embeddable":true,"href":"https:\/\/tintafresca.net\/index.php\/wp-json\/wp\/v2\/users\/2"}],"replies":[{"embeddable":true,"href":"https:\/\/tintafresca.net\/index.php\/wp-json\/wp\/v2\/comments?post=10801"}],"version-history":[{"count":8,"href":"https:\/\/tintafresca.net\/index.php\/wp-json\/wp\/v2\/posts\/10801\/revisions"}],"predecessor-version":[{"id":10840,"href":"https:\/\/tintafresca.net\/index.php\/wp-json\/wp\/v2\/posts\/10801\/revisions\/10840"}],"wp:featuredmedia":[{"embeddable":true,"href":"https:\/\/tintafresca.net\/index.php\/wp-json\/wp\/v2\/media\/10806"}],"wp:attachment":[{"href":"https:\/\/tintafresca.net\/index.php\/wp-json\/wp\/v2\/media?parent=10801"}],"wp:term":[{"taxonomy":"category","embeddable":true,"href":"https:\/\/tintafresca.net\/index.php\/wp-json\/wp\/v2\/categories?post=10801"},{"taxonomy":"post_tag","embeddable":true,"href":"https:\/\/tintafresca.net\/index.php\/wp-json\/wp\/v2\/tags?post=10801"}],"curies":[{"name":"wp","href":"https:\/\/api.w.org\/{rel}","templated":true}]}}