{"id":1085,"date":"2021-02-03T14:32:10","date_gmt":"2021-02-03T14:32:10","guid":{"rendered":"https:\/\/tintafresca.net\/?p=1085"},"modified":"2021-02-03T14:36:06","modified_gmt":"2021-02-03T14:36:06","slug":"sergio-faias-isabel-ferreira-e-carlos-figueiredo-integram-nova-administracao-da-docapesca","status":"publish","type":"post","link":"https:\/\/tintafresca.net\/index.php\/2021\/02\/03\/sergio-faias-isabel-ferreira-e-carlos-figueiredo-integram-nova-administracao-da-docapesca\/","title":{"rendered":"S\u00e9rgio Faias, Isabel Ferreira e Carlos  Figueiredo integram nova administra\u00e7\u00e3o da Docapesca"},"content":{"rendered":"<div id=\"attachment_1102\" style=\"width: 510px\" class=\"wp-caption alignleft\"><img loading=\"lazy\" decoding=\"async\" aria-describedby=\"caption-attachment-1102\" class=\"wp-image-1102 size-full\" src=\"https:\/\/tintafresca.net\/wp-content\/uploads\/2021\/02\/Docapesca_administracao10.jpg\" alt=\"\" width=\"500\" height=\"281\" \/><p id=\"caption-attachment-1102\" class=\"wp-caption-text\">Isabel Feij\u00e3o Ferreira, S\u00e9rgio Faias e Carlos Figueiredo<\/p><\/div>\n<p>S\u00e9rgio Faias \u00e9 o novo presidente do Conselho de Administra\u00e7\u00e3o da Docapesca, \u00f3rg\u00e3o que j\u00e1 integrava como vogal desde 2016. Carlos Figueiredo mant\u00e9m-se como vogal e Isabel Ferreira entra na Administra\u00e7\u00e3o tamb\u00e9m como vogal do Conselho de Administra\u00e7\u00e3o. Estas altera\u00e7\u00f5es s\u00e3o resultado da sa\u00edda da anterior presidente, Teresa Coelho, que tomou posse recentemente como Secret\u00e1ria de Estado das Pescas.<\/p>\n<p>A Docapesca \u2013 Portos e Lotas, S.A. \u00e9 uma empresa do Setor Empresarial do Estado tutelada pelo Minist\u00e9rio do Mar, que tem a seu cargo, no continente, o servi\u00e7o da primeira venda de pescado e o apoio ao setor da pesca e respetivos portos, dispondo de 22 lotas e 37 postos.<\/p>\n<p><strong>Breves S\u00ednteses Curriculares<\/strong><\/p>\n<p><strong>S\u00e9rgio Faias<\/strong><\/p>\n<p>Doutorado (2011) em Engenharia Eletrot\u00e9cnica e de Computadores, e Mestre (2006) em Engenharia Mec\u00e2nica, pelo Instituto Superior T\u00e9cnico da Universidade T\u00e9cnica de Lisboa. Desde 2001, \u00e9 professor no Instituto Superior de Engenharia de Lisboa (ISEL), tendo integrado v\u00e1rios centros de investiga\u00e7\u00e3o e desenvolvimento, mais recentemente o Instituto de Engenharia de Sistemas e Computadores, Investiga\u00e7\u00e3o e Desenvolvimento (INESC-ID).<\/p>\n<p>Entre 2015 e 2016 assumiu fun\u00e7\u00f5es como coordenador da Task Force de Qualidade de Servi\u00e7o do Conselho Europeu de Reguladores de Energia (CEER). Entre 2012 e 2016 integrou a Dire\u00e7\u00e3o de Infraestruturas e Redes (DIR) da Entidade Reguladora dos Servi\u00e7os Energ\u00e9ticos (ERSE), onde desempenhou fun\u00e7\u00f5es de especialista, coordenou a equipa de Qualidade de Servi\u00e7o T\u00e9cnica e, ainda neste tema, foi representante da ERSE no CEER.<\/p>\n<p>\u00c9 autor e coautor de diversos artigos cient\u00edficos em publica\u00e7\u00f5es internacionais. Os seus t\u00f3picos de investiga\u00e7\u00e3o relacionam-se com a an\u00e1lise energ\u00e9tica e ambiental de sistemas de energia, tendo mais recentemente dedicado a sua atividade ao tema da regula\u00e7\u00e3o do setor energ\u00e9tico, com especial incid\u00eancia na an\u00e1lise de investimentos e na qualidade de servi\u00e7o t\u00e9cnica.<\/p>\n<p><strong>Carlos Figueiredo<\/strong><\/p>\n<p>Licenciado em Economia pelo Instituto Superior de Economia (ISE), da Universidade T\u00e9cnica de Lisboa e \u00e9 docente convidado do ISCTE deste 1976, tendo lecionado diversas disciplinas da \u00e1rea do Departamento de Economia.<\/p>\n<p>Exerceu outras fun\u00e7\u00f5es de dire\u00e7\u00e3o em diversas institui\u00e7\u00f5es p\u00fablicas e privadas, designadamente no Instituto de Conserva\u00e7\u00e3o da Natureza e da Biodiversidade, I.P. (2008-2012) onde exerceu as fun\u00e7\u00f5es de vice-presidente, no Instituto de financiamento da Agricultura e Pescas, I.P. (1998-2002), onde desempenhou as fun\u00e7\u00f5es de Presidente do Conselho de Administra\u00e7\u00e3o e no Fundo Internacional para o Desenvolvimento Agr\u00edcola (FIDA), ag\u00eancia financeira especializada da ONU, onde desempenhou as fun\u00e7\u00f5es de representante de Portugal no Conselho de Governadores (1998-2008).<\/p>\n<p><strong>Isabel Feij\u00e3o Ferreira<\/strong><\/p>\n<p>Licenciada em Direito pela Universidade de Coimbra e p\u00f3s-graduada em Direito e Pr\u00e1tica de Contrata\u00e7\u00e3o P\u00fablica pela Faculdade de Direito da Universidade Cat\u00f3lica Portuguesa, onde tamb\u00e9m concluiu o programa avan\u00e7ado de gest\u00e3o para o turismo \u2013 PAGETUR.<\/p>\n<p>Nos \u00faltimos 10 anos exerceu fun\u00e7\u00f5es no Turismo de Portugal, IP onde desde 2012 foi Chefe de Equipas Multidisciplinares com compet\u00eancias no \u00e2mbito de pol\u00edtica p\u00fablica de Clusteriza\u00e7\u00e3o, tendo sido tamb\u00e9m Diretora do Cluster de Turismo.\u00a0 Foi representante de Portugal para a \u00e1rea do Turismo, na iniciativa PANORAMED do INTERREG MED.<\/p>\n<p>Integrou as equipas t\u00e9cnicas para a elabora\u00e7\u00e3o do Plano de A\u00e7\u00e3o para o Desenvolvimento do Turismo em Portugal, Turismo 2020, e da Estrat\u00e9gia para o Turismo 2027.<\/p>\n<p>No ano 2020 desempenhou fun\u00e7\u00f5es de Chefe de Equipas Multidisciplinares para Apoio ao Empres\u00e1rio e Cliente.<\/p>\n<p>Foi Administradora da Frente Tejo, S.A., Coordenadora do Gabinete Jur\u00eddico do Instituto da Conserva\u00e7\u00e3o da Natureza e Biodiversidade e chefe da Divis\u00e3o de Programa\u00e7\u00e3o Financeira da Dire\u00e7\u00e3o-Geral do Ordenamento do Territ\u00f3rio e Desenvolvimento Urbano, tendo tamb\u00e9m sido chefe de divis\u00e3o no Departamento Jur\u00eddico do Munic\u00edpio de Lisboa.<\/p>\n<p>Integra agora o Conselho de Administra\u00e7\u00e3o da Docapesca, transitando do Turismo de Portugal, I.P.<\/p>\n","protected":false},"excerpt":{"rendered":"<p>S\u00e9rgio Faias \u00e9 o novo presidente do Conselho de Administra\u00e7\u00e3o da Docapesca, \u00f3rg\u00e3o que j\u00e1 integrava como vogal desde 2016. Carlos Figueiredo mant\u00e9m-se como vogal e Isabel Ferreira entra na Administra\u00e7\u00e3o tamb\u00e9m como vogal do Conselho de Administra\u00e7\u00e3o. Estas altera\u00e7\u00f5es s\u00e3o resultado da sa\u00edda da anterior presidente, Teresa Coelho, que tomou posse recentemente como Secret\u00e1ria [&hellip;]<\/p>\n","protected":false},"author":2,"featured_media":1103,"comment_status":"open","ping_status":"open","sticky":false,"template":"","format":"standard","meta":{"footnotes":""},"categories":[7],"tags":[],"class_list":["post-1085","post","type-post","status-publish","format-standard","has-post-thumbnail","hentry","category-economia"],"_links":{"self":[{"href":"https:\/\/tintafresca.net\/index.php\/wp-json\/wp\/v2\/posts\/1085","targetHints":{"allow":["GET"]}}],"collection":[{"href":"https:\/\/tintafresca.net\/index.php\/wp-json\/wp\/v2\/posts"}],"about":[{"href":"https:\/\/tintafresca.net\/index.php\/wp-json\/wp\/v2\/types\/post"}],"author":[{"embeddable":true,"href":"https:\/\/tintafresca.net\/index.php\/wp-json\/wp\/v2\/users\/2"}],"replies":[{"embeddable":true,"href":"https:\/\/tintafresca.net\/index.php\/wp-json\/wp\/v2\/comments?post=1085"}],"version-history":[{"count":3,"href":"https:\/\/tintafresca.net\/index.php\/wp-json\/wp\/v2\/posts\/1085\/revisions"}],"predecessor-version":[{"id":1105,"href":"https:\/\/tintafresca.net\/index.php\/wp-json\/wp\/v2\/posts\/1085\/revisions\/1105"}],"wp:featuredmedia":[{"embeddable":true,"href":"https:\/\/tintafresca.net\/index.php\/wp-json\/wp\/v2\/media\/1103"}],"wp:attachment":[{"href":"https:\/\/tintafresca.net\/index.php\/wp-json\/wp\/v2\/media?parent=1085"}],"wp:term":[{"taxonomy":"category","embeddable":true,"href":"https:\/\/tintafresca.net\/index.php\/wp-json\/wp\/v2\/categories?post=1085"},{"taxonomy":"post_tag","embeddable":true,"href":"https:\/\/tintafresca.net\/index.php\/wp-json\/wp\/v2\/tags?post=1085"}],"curies":[{"name":"wp","href":"https:\/\/api.w.org\/{rel}","templated":true}]}}