{"id":10865,"date":"2021-11-12T21:08:06","date_gmt":"2021-11-12T21:08:06","guid":{"rendered":"https:\/\/tintafresca.net\/?p=10865"},"modified":"2021-11-12T21:08:06","modified_gmt":"2021-11-12T21:08:06","slug":"centro-hospitalar-de-leiria-assinala-dia-mundial-da-diabetes-com-encontro-e-partilha-de-experiencias-sobre-a-doenca","status":"publish","type":"post","link":"https:\/\/tintafresca.net\/index.php\/2021\/11\/12\/centro-hospitalar-de-leiria-assinala-dia-mundial-da-diabetes-com-encontro-e-partilha-de-experiencias-sobre-a-doenca\/","title":{"rendered":"Centro Hospitalar de Leiria assinala Dia Mundial da Diabetes com encontro e partilha de experi\u00eancias sobre a doen\u00e7a"},"content":{"rendered":"<p><img loading=\"lazy\" decoding=\"async\" class=\"alignleft wp-image-10867 size-full\" src=\"https:\/\/tintafresca.net\/wp-content\/uploads\/2021\/11\/Dia_Nacional_Diabetes.png\" alt=\"\" width=\"320\" height=\"318\" srcset=\"https:\/\/tintafresca.net\/wp-content\/uploads\/2021\/11\/Dia_Nacional_Diabetes.png 320w, https:\/\/tintafresca.net\/wp-content\/uploads\/2021\/11\/Dia_Nacional_Diabetes-300x298.png 300w, https:\/\/tintafresca.net\/wp-content\/uploads\/2021\/11\/Dia_Nacional_Diabetes-150x150.png 150w\" sizes=\"auto, (max-width: 320px) 100vw, 320px\" \/>A Equipa da Diabetes Pedi\u00e1trica do Centro Hospitalar de Leiria (CHL) vai realizar um encontro que ir\u00e1 reunir os seus profissionais com crian\u00e7as e jovens com diabetes, juntamente com as suas fam\u00edlias, como forma de assinalar o Dia Mundial da Diabetes, na data de 14 de novembro. A iniciativa decorre durante a manh\u00e3 desse dia, pr\u00f3ximo domingo, na vila de Porto de M\u00f3s, e prev\u00ea reunir cerca de 30 participantes, entre utentes e profissionais.<\/p>\n<p>O Parque Verde de Porto de M\u00f3s ser\u00e1 o local para encontro dos participantes, \u00e0s 10h00, seguindo-se a realiza\u00e7\u00e3o de um percurso pedestre pela vila. \u00c0s 12h00 est\u00e1 marcada uma visita guiada ao Castelo de Porto de M\u00f3s, e o encontro culmina com um almo\u00e7o conv\u00edvio, previsto para as 13h00.<\/p>\n<p>Ester Gama, pediatra do CHL, explica que \u00abesta iniciativa pretende promover a partilha de experi\u00eancias sobre a doen\u00e7a, juntando crian\u00e7as e jovens com diabetes e as suas fam\u00edlias, mas tamb\u00e9m proporcionar a conviv\u00eancia dos doentes com a nossa equipa de profissionais num ambiente mais descontra\u00eddo, que acaba tamb\u00e9m por ser mais prop\u00edcio para verificarmos, na pr\u00e1tica, as dificuldades que estes doentes enfrentam no seu dia a dia\u00bb. A pediatra refere ainda que a iniciativa tem tamb\u00e9m como objetivo alertar para as particularidades da Diabetes Mellitus Tipo 1 (DM1), sendo esta a Diabetes mais frequente em idade pedi\u00e1trica.<\/p>\n<p>A DM1 decorre da falta de produ\u00e7\u00e3o de insulina pelo p\u00e2ncreas, n\u00e3o pode ser prevenida e o seu tratamento implica administra\u00e7\u00e3o de insulina. O controlo desta doen\u00e7a assenta no equil\u00edbrio entre m\u00faltiplas doses di\u00e1rias de insulina, contagem de hidratos de carbono das refei\u00e7\u00f5es e atividade f\u00edsica. Este equil\u00edbrio obriga a uma educa\u00e7\u00e3o permanente tanto dos utentes\/fam\u00edlias, bem como da comunidade escolar e da comunidade em geral.<\/p>\n<p>\u00abA DM1 imp\u00f5e desafios \u00fanicos e permanentes no dia a dia destas crian\u00e7as e das suas fam\u00edlias, e estes conv\u00edvios s\u00e3o uma oportunidade para que n\u00e3o se sintam \u00fanicos nas suas dificuldades e possam partilhar experi\u00eancias e estrat\u00e9gias de supera\u00e7\u00e3o. Esta \u00e9 a principal expectativa dos profissionais da Equipa da Diabetes Pedi\u00e1trica do CHL com a promo\u00e7\u00e3o destes encontros\u00bb, refere Ester Gama.<\/p>\n<p><strong>\u00a0 Fonte: Midlandcom<\/strong><\/p>\n","protected":false},"excerpt":{"rendered":"<p>A Equipa da Diabetes Pedi\u00e1trica do Centro Hospitalar de Leiria (CHL) vai realizar um encontro que ir\u00e1 reunir os seus profissionais com crian\u00e7as e jovens com diabetes, juntamente com as suas fam\u00edlias, como forma de assinalar o Dia Mundial da Diabetes, na data de 14 de novembro. A iniciativa decorre durante a manh\u00e3 desse dia, [&hellip;]<\/p>\n","protected":false},"author":2,"featured_media":10868,"comment_status":"open","ping_status":"open","sticky":false,"template":"","format":"standard","meta":{"footnotes":""},"categories":[6],"tags":[],"class_list":["post-10865","post","type-post","status-publish","format-standard","has-post-thumbnail","hentry","category-saude"],"_links":{"self":[{"href":"https:\/\/tintafresca.net\/index.php\/wp-json\/wp\/v2\/posts\/10865","targetHints":{"allow":["GET"]}}],"collection":[{"href":"https:\/\/tintafresca.net\/index.php\/wp-json\/wp\/v2\/posts"}],"about":[{"href":"https:\/\/tintafresca.net\/index.php\/wp-json\/wp\/v2\/types\/post"}],"author":[{"embeddable":true,"href":"https:\/\/tintafresca.net\/index.php\/wp-json\/wp\/v2\/users\/2"}],"replies":[{"embeddable":true,"href":"https:\/\/tintafresca.net\/index.php\/wp-json\/wp\/v2\/comments?post=10865"}],"version-history":[{"count":2,"href":"https:\/\/tintafresca.net\/index.php\/wp-json\/wp\/v2\/posts\/10865\/revisions"}],"predecessor-version":[{"id":10869,"href":"https:\/\/tintafresca.net\/index.php\/wp-json\/wp\/v2\/posts\/10865\/revisions\/10869"}],"wp:featuredmedia":[{"embeddable":true,"href":"https:\/\/tintafresca.net\/index.php\/wp-json\/wp\/v2\/media\/10868"}],"wp:attachment":[{"href":"https:\/\/tintafresca.net\/index.php\/wp-json\/wp\/v2\/media?parent=10865"}],"wp:term":[{"taxonomy":"category","embeddable":true,"href":"https:\/\/tintafresca.net\/index.php\/wp-json\/wp\/v2\/categories?post=10865"},{"taxonomy":"post_tag","embeddable":true,"href":"https:\/\/tintafresca.net\/index.php\/wp-json\/wp\/v2\/tags?post=10865"}],"curies":[{"name":"wp","href":"https:\/\/api.w.org\/{rel}","templated":true}]}}