{"id":10912,"date":"2021-11-14T16:51:14","date_gmt":"2021-11-14T16:51:14","guid":{"rendered":"https:\/\/tintafresca.net\/?p=10912"},"modified":"2021-11-14T16:58:23","modified_gmt":"2021-11-14T16:58:23","slug":"presidentes-dos-5-municipios-do-estuario-do-tejo-pedem-garantias-de-funcionamento-do-hospital-de-vila-franca-de-xira","status":"publish","type":"post","link":"https:\/\/tintafresca.net\/index.php\/2021\/11\/14\/presidentes-dos-5-municipios-do-estuario-do-tejo-pedem-garantias-de-funcionamento-do-hospital-de-vila-franca-de-xira\/","title":{"rendered":"Presidentes dos 5 munic\u00edpios do Estu\u00e1rio do Tejo pedem garantias de funcionamento do Hospital de Vila Franca de Xira"},"content":{"rendered":"<div id=\"attachment_10915\" style=\"width: 510px\" class=\"wp-caption alignleft\"><img loading=\"lazy\" decoding=\"async\" aria-describedby=\"caption-attachment-10915\" class=\"wp-image-10915 size-full\" src=\"https:\/\/tintafresca.net\/wp-content\/uploads\/2021\/11\/Marta_Temido10.jpg\" alt=\"\" width=\"500\" height=\"888\" srcset=\"https:\/\/tintafresca.net\/wp-content\/uploads\/2021\/11\/Marta_Temido10.jpg 500w, https:\/\/tintafresca.net\/wp-content\/uploads\/2021\/11\/Marta_Temido10-169x300.jpg 169w\" sizes=\"auto, (max-width: 500px) 100vw, 500px\" \/><p id=\"caption-attachment-10915\" class=\"wp-caption-text\">Marta Temido<\/p><\/div>\n<p>Os presidentes das C\u00e2maras Municipais de Alenquer, Arruda dos Vinhos, Azambuja, Benavente e Vila Franca de Xira foram recebidos, em Lisboa, na tarde de quinta-feira, 11 de novembro, pela ministra da Sa\u00fade, Marta Temido.<\/p>\n<p>Os autarcas representantes da \u00e1rea do Estu\u00e1rio do Tejo, e abrangidos pelo Hospital de Vila Franca de Xira, levaram \u00e0 governante as suas preocupa\u00e7\u00f5es relativamente \u00e0 capacidade de resposta das unidades de sa\u00fade que servem as suas popula\u00e7\u00f5es.<\/p>\n<p>As principais preocupa\u00e7\u00f5es prendem-se com a falta de recursos humanos, nomeadamente de m\u00e9dicos, quer no hospital, quer nos Centros de Sa\u00fade dos cinco concelhos envolvidos. Esta quest\u00e3o apresenta-se particularmente urgente face \u00e0 entrada no tempo de inverno, bem como \u00e0 exig\u00eancia do intenso processo de vacina\u00e7\u00e3o que est\u00e1 em curso, n\u00e3o esquecendo o facto de largos milhares de utentes n\u00e3o terem m\u00e9dico de fam\u00edlia atribu\u00eddo.<\/p>\n<p>A ministra Marta Temido afirmou estar atenta \u00e0 situa\u00e7\u00e3o e, sem assumir promessas concretas, mostrou-se solid\u00e1ria com os presidentes das c\u00e2maras no esfor\u00e7o de procurar melhorar a presta\u00e7\u00e3o dos cuidados de sa\u00fade aos cerca de 250 mil habitantes desta regi\u00e3o.<\/p>\n<p>Os cinco munic\u00edpios ir\u00e3o continuar a acompanhar a situa\u00e7\u00e3o de forma conjunta e articulada, mantendo-se dispon\u00edveis para colaborar com a Administra\u00e7\u00e3o Central na busca de solu\u00e7\u00f5es para o refor\u00e7o do servi\u00e7o p\u00fablico de sa\u00fade \u00e0 disposi\u00e7\u00e3o dos seus mun\u00edcipes.<\/p>\n<p><strong> \u00a0Fonte: JB|DCI|CMA<\/strong><\/p>\n","protected":false},"excerpt":{"rendered":"<p>Os presidentes das C\u00e2maras Municipais de Alenquer, Arruda dos Vinhos, Azambuja, Benavente e Vila Franca de Xira foram recebidos, em Lisboa, na tarde de quinta-feira, 11 de novembro, pela ministra da Sa\u00fade, Marta Temido. Os autarcas representantes da \u00e1rea do Estu\u00e1rio do Tejo, e abrangidos pelo Hospital de Vila Franca de Xira, levaram \u00e0 governante [&hellip;]<\/p>\n","protected":false},"author":2,"featured_media":10918,"comment_status":"open","ping_status":"open","sticky":false,"template":"","format":"standard","meta":{"footnotes":""},"categories":[6],"tags":[],"class_list":["post-10912","post","type-post","status-publish","format-standard","has-post-thumbnail","hentry","category-saude"],"_links":{"self":[{"href":"https:\/\/tintafresca.net\/index.php\/wp-json\/wp\/v2\/posts\/10912","targetHints":{"allow":["GET"]}}],"collection":[{"href":"https:\/\/tintafresca.net\/index.php\/wp-json\/wp\/v2\/posts"}],"about":[{"href":"https:\/\/tintafresca.net\/index.php\/wp-json\/wp\/v2\/types\/post"}],"author":[{"embeddable":true,"href":"https:\/\/tintafresca.net\/index.php\/wp-json\/wp\/v2\/users\/2"}],"replies":[{"embeddable":true,"href":"https:\/\/tintafresca.net\/index.php\/wp-json\/wp\/v2\/comments?post=10912"}],"version-history":[{"count":3,"href":"https:\/\/tintafresca.net\/index.php\/wp-json\/wp\/v2\/posts\/10912\/revisions"}],"predecessor-version":[{"id":10917,"href":"https:\/\/tintafresca.net\/index.php\/wp-json\/wp\/v2\/posts\/10912\/revisions\/10917"}],"wp:featuredmedia":[{"embeddable":true,"href":"https:\/\/tintafresca.net\/index.php\/wp-json\/wp\/v2\/media\/10918"}],"wp:attachment":[{"href":"https:\/\/tintafresca.net\/index.php\/wp-json\/wp\/v2\/media?parent=10912"}],"wp:term":[{"taxonomy":"category","embeddable":true,"href":"https:\/\/tintafresca.net\/index.php\/wp-json\/wp\/v2\/categories?post=10912"},{"taxonomy":"post_tag","embeddable":true,"href":"https:\/\/tintafresca.net\/index.php\/wp-json\/wp\/v2\/tags?post=10912"}],"curies":[{"name":"wp","href":"https:\/\/api.w.org\/{rel}","templated":true}]}}