{"id":10934,"date":"2021-11-15T13:54:40","date_gmt":"2021-11-15T13:54:40","guid":{"rendered":"https:\/\/tintafresca.net\/?p=10934"},"modified":"2021-11-15T13:56:22","modified_gmt":"2021-11-15T13:56:22","slug":"autarcas-das-caldas-reuniram-com-ministra-da-saude-com-novo-hospital-do-oeste-na-agenda","status":"publish","type":"post","link":"https:\/\/tintafresca.net\/index.php\/2021\/11\/15\/autarcas-das-caldas-reuniram-com-ministra-da-saude-com-novo-hospital-do-oeste-na-agenda\/","title":{"rendered":"Autarcas das Caldas reuniram com ministra da Sa\u00fade com novo hospital do Oeste na agenda"},"content":{"rendered":"<div id=\"attachment_10936\" style=\"width: 510px\" class=\"wp-caption alignleft\"><img loading=\"lazy\" decoding=\"async\" aria-describedby=\"caption-attachment-10936\" class=\"wp-image-10936 size-full\" src=\"https:\/\/tintafresca.net\/wp-content\/uploads\/2021\/11\/Caldas_vitor_marques20.jpg\" alt=\"\" width=\"500\" height=\"750\" srcset=\"https:\/\/tintafresca.net\/wp-content\/uploads\/2021\/11\/Caldas_vitor_marques20.jpg 500w, https:\/\/tintafresca.net\/wp-content\/uploads\/2021\/11\/Caldas_vitor_marques20-200x300.jpg 200w\" sizes=\"auto, (max-width: 500px) 100vw, 500px\" \/><p id=\"caption-attachment-10936\" class=\"wp-caption-text\">V\u00edtor Marques, presidente da C\u00e2mara Municipal de Caldas da Rainha<\/p><\/div>\n<p>O presidente da C\u00e2mara Municipal das Caldas da Rainha, V\u00edtor Marques, reuniu, no dia 11 de novembro, com a ministra da Sa\u00fade, Marta Temido, acompanhado pela vereadora Concei\u00e7\u00e3o Henriques, pelo vereador socialista Lu\u00eds Patacho, pelo l\u00edder do movimento independente Vamos Mudar na Assembleia Municipal, Ant\u00f3nio Curado, e pelos deputados municipais do PSD, Filomena Gon\u00e7alves e Pedro Marques.<\/p>\n<p>Manifestar um conjunto de preocupa\u00e7\u00f5es referentes ao estado da Sa\u00fade no concelho, e na regi\u00e3o, em especial a situa\u00e7\u00e3o no Hospital das Caldas da Rainha, foi o principal ponto da agenda. Na reuni\u00e3o participaram a presidente do Conselho de Admira\u00e7\u00e3o do CHO, Elsa Bai\u00e3o, e o presidente do Conselho Diretivo da Administra\u00e7\u00e3o Regional de Sa\u00fade de Lisboa e Vale do Tejo, Lu\u00eds Pisco. Sobre a localiza\u00e7\u00e3o do novo hospital para a regi\u00e3o Oeste, foi sublinhado pelos autarcas que Caldas det\u00e9m todas as condi\u00e7\u00f5es para acolher esta infraestrutura. Desde logo pela centralidade e pelas condi\u00e7\u00f5es que a cidade tem para receber e fixar os profissionais de sa\u00fade (m\u00e9dicos e enfermeiros) que venham a ser contratados.<\/p>\n<p>A op\u00e7\u00e3o pelas Caldas estenderia ainda a \u00e1rea de abrang\u00eancia a praticamente toda a regi\u00e3o Oeste (Torres Vedras,\u00a0Mafra,\u00a0Cadaval, Lourinh\u00e3, Bombarral,\u00a0\u00d3bidos,\u00a0Peniche, Caldas,\u00a0Nazar\u00e9\u00a0e Alcoba\u00e7a)\u00a0 e at\u00e9 a outros concelhos, como Rio Maior.<\/p>\n<p>Por outro lado, se a localiza\u00e7\u00e3o for a sul das Caldas, a abrang\u00eancia territorial far-se-\u00e1 sobretudo numa regi\u00e3o com maior oferta, dada a proximidade do hospital de Loures, deixando a regi\u00e3o a norte, nomeadamente Caldas da Rainha, numa situa\u00e7\u00e3o comparativamente desfavor\u00e1vel.<\/p>\n<p>Foi tamb\u00e9m manifestado a Marta Temido que a\u00a0atual situa\u00e7\u00e3o &#8211; tr\u00eas hospitais e tr\u00eas servi\u00e7os de urg\u00eancia na regi\u00e3o &#8211; resulta num efeito desagregador, que compromete a qualidade do servi\u00e7o prestado.<\/p>\n<p>Sendo Caldas o polo que, por raz\u00f5es geogr\u00e1ficas, mais necessita duma urg\u00eancia m\u00e9dico-cir\u00fargica corretamente dimensionada, a melhor solu\u00e7\u00e3o para os cuidados hospitalares seria a conjuga\u00e7\u00e3o de um \u00fanico hospital (nas Caldas da Rainha), complementado com cl\u00ednicas\u00a0de ambulat\u00f3rio noutros locais, por exemplo, Nazar\u00e9, Peniche e Torres Vedras.<\/p>\n<p>A aus\u00eancia de um hospital que resolva integralmente as necessidades do Oeste aumenta a desertifica\u00e7\u00e3o das freguesias do interior que tamb\u00e9m se confrontam com dificuldades ao n\u00edvel da presta\u00e7\u00e3o de cuidados prim\u00e1rios de sa\u00fade, como \u00e9 o caso da Freguesia do Landal, que se encontra sem m\u00e9dico de fam\u00edlia.<\/p>\n<p>No que se refere \u00e0 atual cobertura de cuidados hospitalares no concelho, esta \u00e9 visivelmente insuficiente, como comprova o protesto espont\u00e2neo que se gerou \u00e0 porta do servi\u00e7o de urg\u00eancia, envolvendo enfermeiros e utentes, e de que a comunica\u00e7\u00e3o social deu nota.<\/p>\n<p>O hospital tem graves insufici\u00eancias de resposta, designadamente nos servi\u00e7os de laborat\u00f3rio de anatomia patol\u00f3gica, obstetr\u00edcia e neonatologia, diabetes, cirurgia\u00a0ambulat\u00f3ria e cuidados intensivos.<\/p>\n<p>Perante a situa\u00e7\u00e3o descrita, a governante contrap\u00f4s os investimentos que v\u00eam sendo feitos no hospital das Caldas em dota\u00e7\u00e3o de enfermeiros mas tamb\u00e9m na requalifica\u00e7\u00e3o do servi\u00e7o de urg\u00eancia, cuja conclus\u00e3o est\u00e1 para breve.<\/p>\n<p>No mesmo sentido, Elsa Bai\u00e3o reconheceu que existem dificuldades financeiras e t\u00e9cnicas mas deu nota de um plano diretor para o crescimento\u00a0do CHO, cuja concretiza\u00e7\u00e3o, por\u00e9m, n\u00e3o pode ser garantida no curto prazo.<\/p>\n<p>O respons\u00e1vel pela Administra\u00e7\u00e3o Regional de Sa\u00fade de Lisboa e Vale do Tejo, Lu\u00eds Pisco, referiu que a sa\u00edda de 154 m\u00e9dicos da regi\u00e3o [de Lisboa e Vale do Tejo] contribuiu para os problemas sentidos nas unidades hospitalares e manifestou disponibilidade para uma reuni\u00e3o com as autoridades municipais locais para avaliar a situa\u00e7\u00e3o.<\/p>\n<p>Marta Temido reconheceu a necessidade de construir um novo hospital do Oeste e a asseverou a inten\u00e7\u00e3o do Governo de dar in\u00edcio \u00e0 sua constru\u00e7\u00e3o. Todavia, defende que \u00e9 importante aguardar pelo estudo que a Oeste CIM tem em curso, e sem o qual seria extempor\u00e2neo tomar qualquer posi\u00e7\u00e3o. \u201cH\u00e1 empenho na constru\u00e7\u00e3o do Hospital do Oeste e na melhoria dos servi\u00e7os\u201d, garantiu.<\/p>\n<p>Neste encontro com a tutela, os respons\u00e1veis aut\u00e1rquicos falaram tamb\u00e9m do trabalho que est\u00e1 a ser realizado para a reativa\u00e7\u00e3o do Hospital Termal.<\/p>\n<p>Face \u00e0 necessidade de uma nova campanha de vacina\u00e7\u00e3o anti-COVID, V\u00edtor Marques deixou a garantia de total disponibilidade para colaborar.<\/p>\n<p><strong>\u00a0 \u00a0Fonte: CM|UDM|CMCR<\/strong><\/p>\n","protected":false},"excerpt":{"rendered":"<p>O presidente da C\u00e2mara Municipal das Caldas da Rainha, V\u00edtor Marques, reuniu, no dia 11 de novembro, com a ministra da Sa\u00fade, Marta Temido, acompanhado pela vereadora Concei\u00e7\u00e3o Henriques, pelo vereador socialista Lu\u00eds Patacho, pelo l\u00edder do movimento independente Vamos Mudar na Assembleia Municipal, Ant\u00f3nio Curado, e pelos deputados municipais do PSD, Filomena Gon\u00e7alves e [&hellip;]<\/p>\n","protected":false},"author":2,"featured_media":10937,"comment_status":"open","ping_status":"open","sticky":false,"template":"","format":"standard","meta":{"footnotes":""},"categories":[6],"tags":[],"class_list":["post-10934","post","type-post","status-publish","format-standard","has-post-thumbnail","hentry","category-saude"],"_links":{"self":[{"href":"https:\/\/tintafresca.net\/index.php\/wp-json\/wp\/v2\/posts\/10934","targetHints":{"allow":["GET"]}}],"collection":[{"href":"https:\/\/tintafresca.net\/index.php\/wp-json\/wp\/v2\/posts"}],"about":[{"href":"https:\/\/tintafresca.net\/index.php\/wp-json\/wp\/v2\/types\/post"}],"author":[{"embeddable":true,"href":"https:\/\/tintafresca.net\/index.php\/wp-json\/wp\/v2\/users\/2"}],"replies":[{"embeddable":true,"href":"https:\/\/tintafresca.net\/index.php\/wp-json\/wp\/v2\/comments?post=10934"}],"version-history":[{"count":2,"href":"https:\/\/tintafresca.net\/index.php\/wp-json\/wp\/v2\/posts\/10934\/revisions"}],"predecessor-version":[{"id":10938,"href":"https:\/\/tintafresca.net\/index.php\/wp-json\/wp\/v2\/posts\/10934\/revisions\/10938"}],"wp:featuredmedia":[{"embeddable":true,"href":"https:\/\/tintafresca.net\/index.php\/wp-json\/wp\/v2\/media\/10937"}],"wp:attachment":[{"href":"https:\/\/tintafresca.net\/index.php\/wp-json\/wp\/v2\/media?parent=10934"}],"wp:term":[{"taxonomy":"category","embeddable":true,"href":"https:\/\/tintafresca.net\/index.php\/wp-json\/wp\/v2\/categories?post=10934"},{"taxonomy":"post_tag","embeddable":true,"href":"https:\/\/tintafresca.net\/index.php\/wp-json\/wp\/v2\/tags?post=10934"}],"curies":[{"name":"wp","href":"https:\/\/api.w.org\/{rel}","templated":true}]}}