{"id":10939,"date":"2021-11-15T17:44:30","date_gmt":"2021-11-15T17:44:30","guid":{"rendered":"https:\/\/tintafresca.net\/?p=10939"},"modified":"2021-11-15T17:48:10","modified_gmt":"2021-11-15T17:48:10","slug":"ministro-do-mar-inaugura-esta-terca-feira-em-peniche-a-expo-fish-portugal","status":"publish","type":"post","link":"https:\/\/tintafresca.net\/index.php\/2021\/11\/15\/ministro-do-mar-inaugura-esta-terca-feira-em-peniche-a-expo-fish-portugal\/","title":{"rendered":"Ministro do Mar inaugura em Peniche a Expo Fish Portugal"},"content":{"rendered":"<div id=\"attachment_10941\" style=\"width: 510px\" class=\"wp-caption alignleft\"><img loading=\"lazy\" decoding=\"async\" aria-describedby=\"caption-attachment-10941\" class=\"wp-image-10941 size-full\" src=\"https:\/\/tintafresca.net\/wp-content\/uploads\/2021\/11\/Ricardo_Serrao_Santos10.jpg\" alt=\"\" width=\"500\" height=\"266\" srcset=\"https:\/\/tintafresca.net\/wp-content\/uploads\/2021\/11\/Ricardo_Serrao_Santos10.jpg 500w, https:\/\/tintafresca.net\/wp-content\/uploads\/2021\/11\/Ricardo_Serrao_Santos10-300x160.jpg 300w\" sizes=\"auto, (max-width: 500px) 100vw, 500px\" \/><p id=\"caption-attachment-10941\" class=\"wp-caption-text\">Ricardo Serr\u00e3o Santos<\/p><\/div>\n<p>A Expo Fish\u00a0 Portugal come\u00e7a j\u00e1 esta ter\u00e7a-feira, dia 16 de novembro, com um conjunto de confer\u00eancias, que podem ser <a href=\"https:\/\/www.expofishportugal.com\/pt\/feira\/conferencias\">assistidas online<\/a> . As confer\u00eancias tamb\u00e9m podem ser assistidas presencialmente na Escola Superior de Turismo e Tecnologia do Mar &#8211; Campus 4, Rua do Conhecimento, n.\u00ba 4, em Peniche. Pela primeira vez, Portugal tem o maior espa\u00e7o virtual de promo\u00e7\u00e3o do setor das pescas na Expo Fish Portugal, para alavancar a exporta\u00e7\u00e3o, como estrat\u00e9gia crucial para a economia portuguesa e para o setor.<\/p>\n<p><strong>\u00a0 \u00a0 \u00a0Programa<\/strong><\/p>\n<p><strong>16 de novembro\u00a0\u00a0\u00a0\u00a0\u00a0<\/strong><\/p>\n<p>9:30 &#8211; Rece\u00e7\u00e3o aos participantes<\/p>\n<p>10:30 &#8211; Sess\u00e3o de Abertura da Expo Fish Portugal com abertura de Ricardo Serr\u00e3o Santos, Ministro do Mar<\/p>\n<p>11:30 &#8211; Painel 1 &#8211; Oportunidades de financiamento no setor do pescado<\/p>\n<p>12:30 &#8211; Pausa para almo\u00e7o<\/p>\n<p>14:30 &#8211; Apresenta\u00e7\u00e3o de novos produtos e servi\u00e7os<\/p>\n<p>15:00 &#8211; Painel 2 \u2013 Como ativar uma marca \u2013 pistas para o setor do pescado<\/p>\n<p>16:15\u00a0\u00a0 Painel 3 \u2013 Internacionaliza\u00e7\u00e3o do pescado portugu\u00eas \u2013 barreiras e oportunidades<\/p>\n<p><strong>17 novembro<\/strong><\/p>\n<p>9h30 &#8211; Rece\u00e7\u00e3o aos participantes<\/p>\n<p>10h30 &#8211; Visita Virtual \u00e0 Expo Fish Portugal, com convidados<\/p>\n<p>11h15 &#8211; Painel 4 \u2013 Aquacultura \u2013 perspetivas de desenvolvimento<\/p>\n<p>12h30 &#8211; Pausa para almo\u00e7o<\/p>\n<p>14h30 &#8211; Apresenta\u00e7\u00e3o de novos produtos e servi\u00e7os<\/p>\n<p>15h00 &#8211; Painel 5 \u2013 A valoriza\u00e7\u00e3o sustent\u00e1vel e a qualidade do pescado portugu\u00eas<\/p>\n<p>16h00 &#8211; Sess\u00e3o de Encerramento da Expo Fish Portugal com Teresa Coelho, Secret\u00e1ria de Estado das Pescas<\/p>\n<p>16h30 &#8211; Final da Expo Fish Portugal<\/p>\n<p>As confer\u00eancias tamb\u00e9m podem ser assistidas presencialmente na Escola Superior de Turismo e Tecnologia do Mar &#8211; Campus 4, Rua do Conhecimento, n.\u00ba 4 &#8211; 2520\u2013614 Peniche<\/p>\n<p>Pela primeira vez, Portugal tem o maior espa\u00e7o virtual de promo\u00e7\u00e3o do setor das pescas na Expo Fish Portugal, para alavancar a exporta\u00e7\u00e3o, como estrat\u00e9gia crucial para a economia portuguesa e para o setor.<\/p>\n","protected":false},"excerpt":{"rendered":"<p>A Expo Fish\u00a0 Portugal come\u00e7a j\u00e1 esta ter\u00e7a-feira, dia 16 de novembro, com um conjunto de confer\u00eancias, que podem ser assistidas online . As confer\u00eancias tamb\u00e9m podem ser assistidas presencialmente na Escola Superior de Turismo e Tecnologia do Mar &#8211; Campus 4, Rua do Conhecimento, n.\u00ba 4, em Peniche. Pela primeira vez, Portugal tem o [&hellip;]<\/p>\n","protected":false},"author":2,"featured_media":10942,"comment_status":"open","ping_status":"open","sticky":false,"template":"","format":"standard","meta":{"footnotes":""},"categories":[7],"tags":[],"class_list":["post-10939","post","type-post","status-publish","format-standard","has-post-thumbnail","hentry","category-economia"],"_links":{"self":[{"href":"https:\/\/tintafresca.net\/index.php\/wp-json\/wp\/v2\/posts\/10939","targetHints":{"allow":["GET"]}}],"collection":[{"href":"https:\/\/tintafresca.net\/index.php\/wp-json\/wp\/v2\/posts"}],"about":[{"href":"https:\/\/tintafresca.net\/index.php\/wp-json\/wp\/v2\/types\/post"}],"author":[{"embeddable":true,"href":"https:\/\/tintafresca.net\/index.php\/wp-json\/wp\/v2\/users\/2"}],"replies":[{"embeddable":true,"href":"https:\/\/tintafresca.net\/index.php\/wp-json\/wp\/v2\/comments?post=10939"}],"version-history":[{"count":3,"href":"https:\/\/tintafresca.net\/index.php\/wp-json\/wp\/v2\/posts\/10939\/revisions"}],"predecessor-version":[{"id":10944,"href":"https:\/\/tintafresca.net\/index.php\/wp-json\/wp\/v2\/posts\/10939\/revisions\/10944"}],"wp:featuredmedia":[{"embeddable":true,"href":"https:\/\/tintafresca.net\/index.php\/wp-json\/wp\/v2\/media\/10942"}],"wp:attachment":[{"href":"https:\/\/tintafresca.net\/index.php\/wp-json\/wp\/v2\/media?parent=10939"}],"wp:term":[{"taxonomy":"category","embeddable":true,"href":"https:\/\/tintafresca.net\/index.php\/wp-json\/wp\/v2\/categories?post=10939"},{"taxonomy":"post_tag","embeddable":true,"href":"https:\/\/tintafresca.net\/index.php\/wp-json\/wp\/v2\/tags?post=10939"}],"curies":[{"name":"wp","href":"https:\/\/api.w.org\/{rel}","templated":true}]}}