{"id":1106,"date":"2021-02-03T19:36:13","date_gmt":"2021-02-03T19:36:13","guid":{"rendered":"https:\/\/tintafresca.net\/?p=1106"},"modified":"2021-02-03T20:06:08","modified_gmt":"2021-02-03T20:06:08","slug":"cdu-comunica-aos-utentes-a-reorganizacao-dos-servicos-de-saude-na-nazare","status":"publish","type":"post","link":"https:\/\/tintafresca.net\/index.php\/2021\/02\/03\/cdu-comunica-aos-utentes-a-reorganizacao-dos-servicos-de-saude-na-nazare\/","title":{"rendered":"CDU comunica aos utentes a reorganiza\u00e7\u00e3o dos Servi\u00e7os de Sa\u00fade na Nazar\u00e9"},"content":{"rendered":"<div id=\"attachment_1108\" style=\"width: 510px\" class=\"wp-caption alignleft\"><img loading=\"lazy\" decoding=\"async\" aria-describedby=\"caption-attachment-1108\" class=\"wp-image-1108\" src=\"https:\/\/tintafresca.net\/wp-content\/uploads\/2021\/02\/CDU_Nazare.jpg\" alt=\"\" width=\"500\" height=\"500\" \/><p id=\"caption-attachment-1108\" class=\"wp-caption-text\">Log\u00f3tipo da CDU da Nazar\u00e9<\/p><\/div>\n<p>O grupo de trabalho da CDU da Nazar\u00e9 tomou conhecimento, atrav\u00e9s de v\u00e1rias informa\u00e7\u00f5es facultadas por alguns utentes do Centro de Sa\u00fade de Valado dos Frades, de que estavam a ocorrer movimenta\u00e7\u00f5es tendo em conta eventuais mudan\u00e7as naquela unidade de sa\u00fade, raz\u00e3o pela qual n\u00e3o tinham aceitado agendar consultas a alguns utentes no final da passada semana.<\/p>\n<p>De imediato, os eleitos pela CDU na Assembleia Municipal da Nazar\u00e9 (AMN) enviaram um requerimento \u00e0 C\u00e2mara Municipal da Nazar\u00e9 (CMN), questionando a veracidade dos factos que nos tinham sido relatados e solicitando justifica\u00e7\u00f5es sobre a mat\u00e9ria em causa aos executivos da Junta de Freguesia do Valado dos Frades e da CMN.<\/p>\n<p>Por resposta ao requerimento que a CDU enviou \u00e0 CMN, e que esta reenviou \u00e0 dire\u00e7\u00e3o do ACES Oeste Norte (ACES-ON) para obter as necess\u00e1rias respostas \u00e0s quest\u00f5es, a CDU ficou a saber, e nesse sentido informa toda a popula\u00e7\u00e3o, que est\u00e1 em curso uma reorganiza\u00e7\u00e3o das unidades de sa\u00fade na Nazar\u00e9, o que levou a algumas altera\u00e7\u00f5es.<\/p>\n<p>Essa reorganiza\u00e7\u00e3o prende-se com o facto de desde o dia 01 de Fevereiro n\u00e3o estar ativo no Hospital da Confraria de Nossa Senhora da Nazar\u00e9 qualquer servi\u00e7o da responsabilidade do ACES-ON, leia-se Servi\u00e7o Nacional de Sa\u00fade. Assim, parte da Unidade de Cuidados de Sa\u00fade Personalizados (UCSP Nazar\u00e9), que funcionava ainda naquele local, foi recolocada no novo edif\u00edcio da Unidade de Sa\u00fade da Nazar\u00e9.<\/p>\n<p>Ser\u00e1, tamb\u00e9m, neste novo local, que funciona desde o dia 29 de janeiro o Atendimento Complementar da Nazar\u00e9, antigo SAP, durante os dias de semana das 20 \u00e0s 24 horas e aos fins de semana e feriados das 14 \u00e0s 24 horas.<\/p>\n<p>A CDU lamenta que a C\u00e2mara Municipal n\u00e3o tenha comunicado \u00e0 popula\u00e7\u00e3o de forma oficial e atempadamente as altera\u00e7\u00f5es ocorridas nestes servi\u00e7os, para que os utentes estivessem informados do novo local, s\u00f3 o fazendo agora, obtidas as respostas do ACES-ON ao seu requerimento.<\/p>\n<p>Quanto ao p\u00f3lo de Valado dos Frades, a CDU comunica que \u201cn\u00e3o haver\u00e1 qualquer altera\u00e7\u00e3o de local ou de servi\u00e7os prestados \u00e0 popula\u00e7\u00e3o daquela freguesia, mantendo-se em funcionamento os servi\u00e7os de sa\u00fade naquela unidade com dois m\u00e9dicos, dois enfermeiros e dois assistentes t\u00e9cnicos, que migraram da antiga UCSP, segundo as respostas da dire\u00e7\u00e3o do ACES-ON. Muito gostar\u00edamos que os problemas de falta de cl\u00ednicos neste p\u00f3lo se resolvesse agora de forma definitiva, no entanto fica aqui mais uma vez o compromisso da CDU em continuar esta luta para que se reforce, em todas as suas dimens\u00f5es, o Servi\u00e7o Nacional de Sa\u00fade.\u201d<\/p>\n<p>A CDU entende como fundamentais estas informa\u00e7\u00f5es para a popula\u00e7\u00e3o da freguesia de Valado dos Frades, mas tamb\u00e9m para a popula\u00e7\u00e3o da Nazar\u00e9, pois nenhuma informa\u00e7\u00e3o oficial foi prestada em tempo \u00fatil por quem deveria ter esse cuidado e obriga\u00e7\u00e3o, mormente neste momento de conturbadas dificuldades sanit\u00e1rias que todos vivemos, evitando-se constrangimentos e desloca\u00e7\u00f5es desnecess\u00e1rias a quem procurou aqueles servi\u00e7os.<\/p>\n<p>A CDU regozija-se com as not\u00edcias recebidas da dire\u00e7\u00e3o do ACES-ON e valoriza a r\u00e1pida resposta \u00e0s quest\u00f5es colocadas no seu requerimento sobre a manuten\u00e7\u00e3o dos servi\u00e7os de sa\u00fade no p\u00f3lo de Valado dos Frades, acrescentando outras informa\u00e7\u00f5es importantes. Assim, aguarda que as restantes falhas apontadas, e n\u00e3o respondidas concretamente, sejam rapidamente solucionadas a bem de todos os utentes do Servi\u00e7o Nacional de Sa\u00fade, prometendo que continuar\u00e3o alerta.<\/p>\n<p>O Grupo de Trabalho da CDU da Nazar\u00e9 refere que a popula\u00e7\u00e3o do concelho da Nazar\u00e9 sabe que pode contar com a CDU para continuar a luta pela melhoria das suas condi\u00e7\u00f5es de vida e pelo desenvolvimento integral do concelho, tendo em conta as suas enormes potencialidades.<\/p>\n","protected":false},"excerpt":{"rendered":"<p>O grupo de trabalho da CDU da Nazar\u00e9 tomou conhecimento, atrav\u00e9s de v\u00e1rias informa\u00e7\u00f5es facultadas por alguns utentes do Centro de Sa\u00fade de Valado dos Frades, de que estavam a ocorrer movimenta\u00e7\u00f5es tendo em conta eventuais mudan\u00e7as naquela unidade de sa\u00fade, raz\u00e3o pela qual n\u00e3o tinham aceitado agendar consultas a alguns utentes no final da [&hellip;]<\/p>\n","protected":false},"author":2,"featured_media":1109,"comment_status":"open","ping_status":"open","sticky":false,"template":"","format":"standard","meta":{"footnotes":""},"categories":[6],"tags":[],"class_list":["post-1106","post","type-post","status-publish","format-standard","has-post-thumbnail","hentry","category-saude"],"_links":{"self":[{"href":"https:\/\/tintafresca.net\/index.php\/wp-json\/wp\/v2\/posts\/1106","targetHints":{"allow":["GET"]}}],"collection":[{"href":"https:\/\/tintafresca.net\/index.php\/wp-json\/wp\/v2\/posts"}],"about":[{"href":"https:\/\/tintafresca.net\/index.php\/wp-json\/wp\/v2\/types\/post"}],"author":[{"embeddable":true,"href":"https:\/\/tintafresca.net\/index.php\/wp-json\/wp\/v2\/users\/2"}],"replies":[{"embeddable":true,"href":"https:\/\/tintafresca.net\/index.php\/wp-json\/wp\/v2\/comments?post=1106"}],"version-history":[{"count":2,"href":"https:\/\/tintafresca.net\/index.php\/wp-json\/wp\/v2\/posts\/1106\/revisions"}],"predecessor-version":[{"id":1110,"href":"https:\/\/tintafresca.net\/index.php\/wp-json\/wp\/v2\/posts\/1106\/revisions\/1110"}],"wp:featuredmedia":[{"embeddable":true,"href":"https:\/\/tintafresca.net\/index.php\/wp-json\/wp\/v2\/media\/1109"}],"wp:attachment":[{"href":"https:\/\/tintafresca.net\/index.php\/wp-json\/wp\/v2\/media?parent=1106"}],"wp:term":[{"taxonomy":"category","embeddable":true,"href":"https:\/\/tintafresca.net\/index.php\/wp-json\/wp\/v2\/categories?post=1106"},{"taxonomy":"post_tag","embeddable":true,"href":"https:\/\/tintafresca.net\/index.php\/wp-json\/wp\/v2\/tags?post=1106"}],"curies":[{"name":"wp","href":"https:\/\/api.w.org\/{rel}","templated":true}]}}