{"id":11072,"date":"2021-11-18T22:51:19","date_gmt":"2021-11-18T22:51:19","guid":{"rendered":"https:\/\/tintafresca.net\/?p=11072"},"modified":"2021-11-18T23:18:12","modified_gmt":"2021-11-18T23:18:12","slug":"marinha-grande-recebe-forum-economico-empresarial-os-desafios-da-industria-no-pos-covid-solucoes-para-as-empresas","status":"publish","type":"post","link":"https:\/\/tintafresca.net\/index.php\/2021\/11\/18\/marinha-grande-recebe-forum-economico-empresarial-os-desafios-da-industria-no-pos-covid-solucoes-para-as-empresas\/","title":{"rendered":"Marinha Grande recebe F\u00f3rum Econ\u00f3mico Empresarial &#8216;Os desafios da Ind\u00fastria no p\u00f3s-Covid:solu\u00e7\u00f5es para empresas?&#8217;"},"content":{"rendered":"<div id=\"attachment_11074\" style=\"width: 510px\" class=\"wp-caption alignleft\"><img loading=\"lazy\" decoding=\"async\" aria-describedby=\"caption-attachment-11074\" class=\"wp-image-11074 size-full\" src=\"https:\/\/tintafresca.net\/wp-content\/uploads\/2021\/11\/MG_Forum_economico_Empresarial20.png\" alt=\"\" width=\"500\" height=\"419\" srcset=\"https:\/\/tintafresca.net\/wp-content\/uploads\/2021\/11\/MG_Forum_economico_Empresarial20.png 500w, https:\/\/tintafresca.net\/wp-content\/uploads\/2021\/11\/MG_Forum_economico_Empresarial20-300x251.png 300w\" sizes=\"auto, (max-width: 500px) 100vw, 500px\" \/><p id=\"caption-attachment-11074\" class=\"wp-caption-text\">Cartaz<\/p><\/div>\n<p>A Lecil &#8211; uma das mais prestigiadas empresas de contabilidade e fiscalidade da Marinha Grande desde 1987, integrante do Grupo MyManagement de Gest\u00e3o Global vai promover o F\u00f3rum Econ\u00f3mico Empresarial &#8220;Os desafios da Ind\u00fastria no p\u00f3s-Covid \u2013 Solu\u00e7\u00f5es para as empresas?&#8221; Presentes ir\u00e3o estar Ant\u00f3nio Costa Silva, presidente da Comiss\u00e3o Nacional de Acompanhamento do PRR, Fernando Alfaiate, presidente da Estrutura de Miss\u00e3o Recuperar Portugal, Aur\u00e9lio Ferreira, presidente da C\u00e2mara Municipal da Marinha Grande e Nuno Morgado, administrador da Lecil. A apresenta\u00e7\u00e3o ir\u00e1 decorrer no dia 24 de novembro, pelas 15horas, no Audit\u00f3rio do Edif\u00edcio da Resinagem, na Marinha Grande.<\/p>\n","protected":false},"excerpt":{"rendered":"<p>A Lecil &#8211; uma das mais prestigiadas empresas de contabilidade e fiscalidade da Marinha Grande desde 1987, integrante do Grupo MyManagement de Gest\u00e3o Global vai promover o F\u00f3rum Econ\u00f3mico Empresarial &#8220;Os desafios da Ind\u00fastria no p\u00f3s-Covid \u2013 Solu\u00e7\u00f5es para as empresas?&#8221; Presentes ir\u00e3o estar Ant\u00f3nio Costa Silva, presidente da Comiss\u00e3o Nacional de Acompanhamento do PRR, [&hellip;]<\/p>\n","protected":false},"author":2,"featured_media":11075,"comment_status":"open","ping_status":"open","sticky":false,"template":"","format":"standard","meta":{"footnotes":""},"categories":[7],"tags":[],"class_list":["post-11072","post","type-post","status-publish","format-standard","has-post-thumbnail","hentry","category-economia"],"_links":{"self":[{"href":"https:\/\/tintafresca.net\/index.php\/wp-json\/wp\/v2\/posts\/11072","targetHints":{"allow":["GET"]}}],"collection":[{"href":"https:\/\/tintafresca.net\/index.php\/wp-json\/wp\/v2\/posts"}],"about":[{"href":"https:\/\/tintafresca.net\/index.php\/wp-json\/wp\/v2\/types\/post"}],"author":[{"embeddable":true,"href":"https:\/\/tintafresca.net\/index.php\/wp-json\/wp\/v2\/users\/2"}],"replies":[{"embeddable":true,"href":"https:\/\/tintafresca.net\/index.php\/wp-json\/wp\/v2\/comments?post=11072"}],"version-history":[{"count":7,"href":"https:\/\/tintafresca.net\/index.php\/wp-json\/wp\/v2\/posts\/11072\/revisions"}],"predecessor-version":[{"id":11081,"href":"https:\/\/tintafresca.net\/index.php\/wp-json\/wp\/v2\/posts\/11072\/revisions\/11081"}],"wp:featuredmedia":[{"embeddable":true,"href":"https:\/\/tintafresca.net\/index.php\/wp-json\/wp\/v2\/media\/11075"}],"wp:attachment":[{"href":"https:\/\/tintafresca.net\/index.php\/wp-json\/wp\/v2\/media?parent=11072"}],"wp:term":[{"taxonomy":"category","embeddable":true,"href":"https:\/\/tintafresca.net\/index.php\/wp-json\/wp\/v2\/categories?post=11072"},{"taxonomy":"post_tag","embeddable":true,"href":"https:\/\/tintafresca.net\/index.php\/wp-json\/wp\/v2\/tags?post=11072"}],"curies":[{"name":"wp","href":"https:\/\/api.w.org\/{rel}","templated":true}]}}