{"id":11137,"date":"2021-11-21T14:32:29","date_gmt":"2021-11-21T14:32:29","guid":{"rendered":"https:\/\/tintafresca.net\/?p=11137"},"modified":"2021-11-21T14:40:22","modified_gmt":"2021-11-21T14:40:22","slug":"centro-hospitalar-de-leiria-ja-iniciou-a-vacinacao-da-terceira-dose-contra-a-covid-19-dos-seus-profissionais","status":"publish","type":"post","link":"https:\/\/tintafresca.net\/index.php\/2021\/11\/21\/centro-hospitalar-de-leiria-ja-iniciou-a-vacinacao-da-terceira-dose-contra-a-covid-19-dos-seus-profissionais\/","title":{"rendered":"Centro Hospitalar de Leiria j\u00e1 iniciou a vacina\u00e7\u00e3o da 3\u00aa dose contra a Covid-19 dos profissionais"},"content":{"rendered":"<div id=\"attachment_11142\" style=\"width: 310px\" class=\"wp-caption alignleft\"><img loading=\"lazy\" decoding=\"async\" aria-describedby=\"caption-attachment-11142\" class=\"wp-image-11142 size-full\" src=\"https:\/\/tintafresca.net\/wp-content\/uploads\/2021\/11\/vacina_1.png\" alt=\"\" width=\"300\" height=\"300\" srcset=\"https:\/\/tintafresca.net\/wp-content\/uploads\/2021\/11\/vacina_1.png 300w, https:\/\/tintafresca.net\/wp-content\/uploads\/2021\/11\/vacina_1-150x150.png 150w\" sizes=\"auto, (max-width: 300px) 100vw, 300px\" \/><p id=\"caption-attachment-11142\" class=\"wp-caption-text\">Cerca de 1750 profissionais de sa\u00fade ser\u00e3o inoculados<\/p><\/div>\n<p>O Centro Hospitalar de Leiria (CHL) iniciou esta sexta-feira, dia 19 de novembro, a vacina\u00e7\u00e3o da terceira dose de refor\u00e7o contra a Covid-19 dos seus profissionais. At\u00e9 ao dia 30 de novembro ser\u00e3o inoculados cerca de 1.250 profissionais, e at\u00e9 ao dia 7 de dezembro, ser\u00e3o inoculados mais cerca de 500. Os profissionais eleg\u00edveis s\u00e3o convocados por mensagem escrita (SMS), respeitando a ordem da vacina\u00e7\u00e3o da primeira dose.<\/p>\n<p>O Servi\u00e7o Farmac\u00eautico do CHL recebeu as vacinas necess\u00e1rias para todos os colaboradores, incluindo os prestadores de servi\u00e7o, que j\u00e1 perfizeram os seis meses da primeira vacina\u00e7\u00e3o. Ser\u00e3o posteriormente encomendadas mais vacinas para os restantes profissionais. Desta forma, \u00e9 garantida a seguran\u00e7a de quem trata os doentes.<\/p>\n<p>O CHL cumpre a norma da Dire\u00e7\u00e3o-Geral de Sa\u00fade sobre a dose de refor\u00e7o da vacina contra a Covid-19, que prioriza, entre outros grupos profissionais e et\u00e1rios, os profissionais de sa\u00fade envolvidos na presta\u00e7\u00e3o direta de cuidados. A vacina\u00e7\u00e3o de refor\u00e7o \u00e9 eleg\u00edvel para os profissionais que tenham sido vacinados com um intervalo de, pelo menos, seis meses, ap\u00f3s o esquema vacinal prim\u00e1rio. Este refor\u00e7o n\u00e3o \u00e9 recomendado aos profissionais que recuperaram de infe\u00e7\u00e3o por Covid-19.<\/p>\n<p><strong>\u00a0 \u00a0 \u00a0Fonte: Midlandcom<\/strong><\/p>\n","protected":false},"excerpt":{"rendered":"<p>O Centro Hospitalar de Leiria (CHL) iniciou esta sexta-feira, dia 19 de novembro, a vacina\u00e7\u00e3o da terceira dose de refor\u00e7o contra a Covid-19 dos seus profissionais. At\u00e9 ao dia 30 de novembro ser\u00e3o inoculados cerca de 1.250 profissionais, e at\u00e9 ao dia 7 de dezembro, ser\u00e3o inoculados mais cerca de 500. Os profissionais eleg\u00edveis s\u00e3o [&hellip;]<\/p>\n","protected":false},"author":2,"featured_media":11141,"comment_status":"open","ping_status":"open","sticky":false,"template":"","format":"standard","meta":{"footnotes":""},"categories":[6],"tags":[],"class_list":["post-11137","post","type-post","status-publish","format-standard","has-post-thumbnail","hentry","category-saude"],"_links":{"self":[{"href":"https:\/\/tintafresca.net\/index.php\/wp-json\/wp\/v2\/posts\/11137","targetHints":{"allow":["GET"]}}],"collection":[{"href":"https:\/\/tintafresca.net\/index.php\/wp-json\/wp\/v2\/posts"}],"about":[{"href":"https:\/\/tintafresca.net\/index.php\/wp-json\/wp\/v2\/types\/post"}],"author":[{"embeddable":true,"href":"https:\/\/tintafresca.net\/index.php\/wp-json\/wp\/v2\/users\/2"}],"replies":[{"embeddable":true,"href":"https:\/\/tintafresca.net\/index.php\/wp-json\/wp\/v2\/comments?post=11137"}],"version-history":[{"count":5,"href":"https:\/\/tintafresca.net\/index.php\/wp-json\/wp\/v2\/posts\/11137\/revisions"}],"predecessor-version":[{"id":11146,"href":"https:\/\/tintafresca.net\/index.php\/wp-json\/wp\/v2\/posts\/11137\/revisions\/11146"}],"wp:featuredmedia":[{"embeddable":true,"href":"https:\/\/tintafresca.net\/index.php\/wp-json\/wp\/v2\/media\/11141"}],"wp:attachment":[{"href":"https:\/\/tintafresca.net\/index.php\/wp-json\/wp\/v2\/media?parent=11137"}],"wp:term":[{"taxonomy":"category","embeddable":true,"href":"https:\/\/tintafresca.net\/index.php\/wp-json\/wp\/v2\/categories?post=11137"},{"taxonomy":"post_tag","embeddable":true,"href":"https:\/\/tintafresca.net\/index.php\/wp-json\/wp\/v2\/tags?post=11137"}],"curies":[{"name":"wp","href":"https:\/\/api.w.org\/{rel}","templated":true}]}}