{"id":1115,"date":"2021-02-07T19:51:29","date_gmt":"2021-02-07T19:51:29","guid":{"rendered":"https:\/\/tintafresca.net\/?p=1115"},"modified":"2021-02-07T19:51:29","modified_gmt":"2021-02-07T19:51:29","slug":"psd-acusa-o-estado-de-recusar-empresas-fora-de-lisboa-em-concursos-publicos-para-servicos-a-distancia","status":"publish","type":"post","link":"https:\/\/tintafresca.net\/index.php\/2021\/02\/07\/psd-acusa-o-estado-de-recusar-empresas-fora-de-lisboa-em-concursos-publicos-para-servicos-a-distancia\/","title":{"rendered":"PSD acusa o Estado de recusar empresas fora de Lisboa em concursos p\u00fablicos para servi\u00e7os \u00e0 dist\u00e2ncia"},"content":{"rendered":"<div id=\"attachment_1236\" style=\"width: 263px\" class=\"wp-caption alignleft\"><img loading=\"lazy\" decoding=\"async\" aria-describedby=\"caption-attachment-1236\" class=\"wp-image-1236 size-full\" src=\"https:\/\/tintafresca.net\/wp-content\/uploads\/2021\/02\/Duarte_Marques2.jpg\" alt=\"\" width=\"253\" height=\"251\" \/><p id=\"caption-attachment-1236\" class=\"wp-caption-text\">Duarte Marques<\/p><\/div>\n<p>O PSD acusa departamentos da administra\u00e7\u00e3o p\u00fablica de impedir empresas localizadas fora do concelho ou do distrito de Lisboa de concorrer a concursos p\u00fablicos para a concess\u00e3o ou presta\u00e7\u00e3o de servi\u00e7os. O deputado Duarte Marques levou esta ter\u00e7a-feira, dia 2 de fevereiro, este tema \u00e0 audi\u00e7\u00e3o da Ministra da Moderniza\u00e7\u00e3o Administrativa no sentido de \u201c<em>p\u00f4r fim a esta tremenda discrimina\u00e7\u00e3o, que al\u00e9m de lament\u00e1vel \u00e9 absolutamente ilegal\u201d.<\/em><\/p>\n<p><em>\u201cA Senhora Ministra n\u00e3o tem provavelmente culpa alguma por estas situa\u00e7\u00f5es, mas tem a responsabilidade de acabar com esta discrimina\u00e7\u00e3o\u201d<\/em> afirmou o deputado do PSD, que prosseguiu \u201c<em>num Governo que fala tanto do interior e que faz da transi\u00e7\u00e3o digital o seu principal des\u00edgnio, isto n\u00e3o pode acontecer.\u201d<\/em><\/p>\n<p>Os exemplos s\u00e3o v\u00e1rios e acontecem sobretudo em contratos de presta\u00e7\u00e3o de servi\u00e7os \u00e0 dist\u00e2ncia \u2013 que n\u00e3o exigem contacto f\u00edsico com os cidad\u00e3os \u2013 como a opera\u00e7\u00e3o de servi\u00e7os de <em>helpdesk<\/em>, gest\u00e3o de <em>backoffice<\/em>, atendimento telef\u00f3nico, gest\u00e3o documental ou de desmaterializa\u00e7\u00e3o de arquivos.<\/p>\n<p>O deputado do PSD apresentou v\u00e1rios exemplos que v\u00e3o desde concursos do IEFP, da Secret\u00e1ria Geral do Minist\u00e9rio da Administra\u00e7\u00e3o Interna, da Imprensa Nacional \u2013 Casa da Moeda, do Minist\u00e9rio da Economia, da Ag\u00eancia Portuguesa do Ambiente ou do IRN \u2013 Instituto dos Registos e Notariado do Minist\u00e9rio da justi\u00e7a.<\/p>\n<p>Segundo Duarte Marques, \u201c<em>estas institui\u00e7\u00f5es abrem concursos p\u00fablicos, mas depois limitam a execu\u00e7\u00e3o dos contratos ao concelho ou distrito de Lisboa quando \u00e9 perfeitamente indiferente para o consumidor\/cidad\u00e3o o local onde lhe est\u00e3o a atender o telefone ou a esclarecer uma d\u00favida\u201d.<\/em><\/p>\n<p>\u201c<em>Empresas que est\u00e3o localizadas em Our\u00e9m, no Alvito, em Aveiro, na Batalha, no Sardoal ou em Ma\u00e7\u00e3o n\u00e3o podem concorrer nem criar a\u00ed emprego. Quando dev\u00edamos estar a falar de uma discrimina\u00e7\u00e3o positiva a favor das empresas localizadas nestes territ\u00f3rios, onde criar 30 empregos faz uma tremenda diferen\u00e7a, o Estado portugu\u00eas a fazer algo tr\u00e1gico, uma discrimina\u00e7\u00e3o negativa contra os territ\u00f3rios que mais precisam<\/em>\u201d<\/p>\n<p>Nas respostas, a ministra Alexandra Leit\u00e3o, que v\u00ea com bons olhos alargar estes servi\u00e7os\u00a0 a outras \u00e1reas do territ\u00f3rio, comprometeu-se a verificar as situa\u00e7\u00f5es identificadas e a resolver o assunto se se confirmar.<\/p>\n<p><strong>\u00a0 \u00a0Fonte: GP|PSD<\/strong><\/p>\n","protected":false},"excerpt":{"rendered":"<p>O PSD acusa departamentos da administra\u00e7\u00e3o p\u00fablica de impedir empresas localizadas fora do concelho ou do distrito de Lisboa de concorrer a concursos p\u00fablicos para a concess\u00e3o ou presta\u00e7\u00e3o de servi\u00e7os. O deputado Duarte Marques levou esta ter\u00e7a-feira, dia 2 de fevereiro, este tema \u00e0 audi\u00e7\u00e3o da Ministra da Moderniza\u00e7\u00e3o Administrativa no sentido de \u201cp\u00f4r [&hellip;]<\/p>\n","protected":false},"author":2,"featured_media":1236,"comment_status":"open","ping_status":"open","sticky":false,"template":"","format":"standard","meta":{"footnotes":""},"categories":[7],"tags":[],"class_list":["post-1115","post","type-post","status-publish","format-standard","has-post-thumbnail","hentry","category-economia"],"_links":{"self":[{"href":"https:\/\/tintafresca.net\/index.php\/wp-json\/wp\/v2\/posts\/1115","targetHints":{"allow":["GET"]}}],"collection":[{"href":"https:\/\/tintafresca.net\/index.php\/wp-json\/wp\/v2\/posts"}],"about":[{"href":"https:\/\/tintafresca.net\/index.php\/wp-json\/wp\/v2\/types\/post"}],"author":[{"embeddable":true,"href":"https:\/\/tintafresca.net\/index.php\/wp-json\/wp\/v2\/users\/2"}],"replies":[{"embeddable":true,"href":"https:\/\/tintafresca.net\/index.php\/wp-json\/wp\/v2\/comments?post=1115"}],"version-history":[{"count":2,"href":"https:\/\/tintafresca.net\/index.php\/wp-json\/wp\/v2\/posts\/1115\/revisions"}],"predecessor-version":[{"id":1237,"href":"https:\/\/tintafresca.net\/index.php\/wp-json\/wp\/v2\/posts\/1115\/revisions\/1237"}],"wp:featuredmedia":[{"embeddable":true,"href":"https:\/\/tintafresca.net\/index.php\/wp-json\/wp\/v2\/media\/1236"}],"wp:attachment":[{"href":"https:\/\/tintafresca.net\/index.php\/wp-json\/wp\/v2\/media?parent=1115"}],"wp:term":[{"taxonomy":"category","embeddable":true,"href":"https:\/\/tintafresca.net\/index.php\/wp-json\/wp\/v2\/categories?post=1115"},{"taxonomy":"post_tag","embeddable":true,"href":"https:\/\/tintafresca.net\/index.php\/wp-json\/wp\/v2\/tags?post=1115"}],"curies":[{"name":"wp","href":"https:\/\/api.w.org\/{rel}","templated":true}]}}