{"id":1117,"date":"2021-02-03T23:39:37","date_gmt":"2021-02-03T23:39:37","guid":{"rendered":"https:\/\/tintafresca.net\/?p=1117"},"modified":"2021-02-03T23:40:59","modified_gmt":"2021-02-03T23:40:59","slug":"estudo-do-mare-ispa-deteta-mecanismos-de-adaptacao-da-sardinha-iberica-as-alteracoes-climaticas","status":"publish","type":"post","link":"https:\/\/tintafresca.net\/index.php\/2021\/02\/03\/estudo-do-mare-ispa-deteta-mecanismos-de-adaptacao-da-sardinha-iberica-as-alteracoes-climaticas\/","title":{"rendered":"Estudo do MARE-ISPA deteta mecanismos de adapta\u00e7\u00e3o da sardinha \u00e0s altera\u00e7\u00f5es clim\u00e1ticas"},"content":{"rendered":"<div id=\"attachment_1119\" style=\"width: 324px\" class=\"wp-caption alignleft\"><img loading=\"lazy\" decoding=\"async\" aria-describedby=\"caption-attachment-1119\" class=\"wp-image-1119 size-full\" src=\"https:\/\/tintafresca.net\/wp-content\/uploads\/2021\/02\/ISPA_Sardinhas.png\" alt=\"\" width=\"314\" height=\"374\" \/><p id=\"caption-attachment-1119\" class=\"wp-caption-text\">Riscos que a sardinha enfrenta<\/p><\/div>\n<p>Investiga\u00e7\u00e3o do projeto SardiTemp, liderado pelo MARE-ISPA, demonstra que a sardinha ib\u00e9rica tem potenciais vantagens na adapta\u00e7\u00e3o \u00e0s altera\u00e7\u00f5es clim\u00e1ticas, mas ainda assim a subida da temperatura do mar pode levar a uma migra\u00e7\u00e3o desta esp\u00e9cie para norte.<\/p>\n<p>\u201cDevido ao aumento da temperatura da \u00e1gua, o que se espera \u00e9 que as sardinhas acelerem o metabolismo e consequentemente o consumo de oxig\u00e9nio. Decidimos analisar o DNA de genes envolvidos na produ\u00e7\u00e3o de energia para ver se encontr\u00e1vamos alguma liga\u00e7\u00e3o\u201d, explica Miguel Baltazar-Soares, autor principal do artigo publicado na revista Genes no in\u00edcio deste m\u00eas. \u201cDescobrimos que a varia\u00e7\u00e3o a n\u00edvel molecular encontrada entre amostras analisadas \u00e0 volta da Pen\u00ednsula Ib\u00e9rica \u00e9 explicada por uma rela\u00e7\u00e3o com a temperatura m\u00ednima da \u00e1gua do mar e do oxig\u00e9nio dissolvido na mesma\u201d, conclui.<\/p>\n<p>Isto abre a possibilidade de um mecanismo de adapta\u00e7\u00e3o, mas isso pode n\u00e3o ser suficiente para manter a sardinha ib\u00e9rica em \u00e1reas de pesca no nosso territ\u00f3rio. Gon\u00e7alo Silva, l\u00edder do projeto SardiTemp, diz que \u201cesta adapta\u00e7\u00e3o poder\u00e1 estar relacionada com eventos de afloramento, frequentes na costa portuguesa.\u201d<\/p>\n<p>Baltazar-Soares sublinha que \u201c\u00e9 importante percebermos o potencial adaptativo da sardinha de modo a fazer face \u00e0s altera\u00e7\u00f5es clim\u00e1ticas. Os seus stocks t\u00eam sido explorados intensivamente nas \u00faltimas d\u00e9cadas e, mais recentemente, t\u00eam estado abaixo do limite sustent\u00e1vel de captura.\u201d<\/p>\n<p>Gon\u00e7alo Silva conclui com uma nota otimista: \u201cT\u00eam sido encontradas assinaturas moleculares de diversas adapta\u00e7\u00f5es noutras esp\u00e9cies de pequenos peixes pel\u00e1gicos (que vivem na coluna de \u00e1gua, como a sardinha): temos o caso do biqueir\u00e3o, do arenque ou at\u00e9 mesmo em sardinhas de outras esp\u00e9cies, noutras latitudes. Ao compreendermos melhor os mecanismos de adapta\u00e7\u00e3o \u00e0s altera\u00e7\u00f5es clim\u00e1ticas conseguimos estar mais perto de prever os impactos que estas ter\u00e3o na distribui\u00e7\u00e3o dos recursos marinhos, e assim, contribuirmos para uma melhor gest\u00e3o desses mesmos recursos\u201d.<\/p>\n<p>Estima-se que o aumento global da temperatura m\u00e9dia da \u00e1gua do mar previsto at\u00e9 ao final do s\u00e9culo tenha m\u00faltiplos impactos na biodiversidade, din\u00e2mica e distribui\u00e7\u00e3o dos diferentes recursos marinhos, e por consequ\u00eancia na economia e sobreviv\u00eancia das popula\u00e7\u00f5es costeiras \u2013 que \u00e9 justamente o caso da sardinha ib\u00e9rica.<\/p>\n<p>Este <a href=\"https:\/\/www.mdpi.com\/2073-4425\/12\/1\/91\/htm\">artigo<\/a> \u00e9 o primeiro artigo realizado no \u00e2mbito do projecto SardiTemp, financiado pela FCT e por fundos FEDER (Ref\u00aa PTDC\/BIA-BMA\/32209\/2017), que tem como objectivo estimar o impacto das altera\u00e7\u00f5es clim\u00e1ticas na biologia e ecologia de pequenos peixes pel\u00e1gicos. A equipa de investiga\u00e7\u00e3o do MARE-ISPA, em colabora\u00e7\u00e3o com o Instituto Portugu\u00eas do Mar e da Atmosfera e outros institutos portugueses, est\u00e1 a desenvolver estudos de metabolismo, fisiologia e comportamento com sardinhas adultas em ambiente controlado, mas os resultados ainda est\u00e3o a ser analisados. Para mais informa\u00e7\u00f5es: <a href=\"http:\/\/www.sarditemp.com\/\">www.sarditemp.com<\/a><\/p>\n<p><strong>Sobre o ISPA \u2013 Instituto Universit\u00e1rio<\/strong><\/p>\n<p>O ISPA iniciou a sua atividade em 1962 como Instituto de Ci\u00eancias Psicol\u00f3gicas. Como primeira escola de Psicologia em Portugal, adotou em 1964 a designa\u00e7\u00e3o de Instituto Superior de Psicologia Aplicada (ISPA) Passou em 2009 a I<u>SPA &#8211; Instituto Universit\u00e1rio<\/u>, alargando a sua oferta formativa e de investiga\u00e7\u00e3o a \u00e1reas como a Educa\u00e7\u00e3o, Biologia, Neuroci\u00eancias e Bioinform\u00e1tica. Esta nova realidade traduz a excel\u00eancia do seu projeto pedag\u00f3gico e cient\u00edfico, alicer\u00e7ado na qualifica\u00e7\u00e3o e prest\u00edgio do seu corpo docente e nas classifica\u00e7\u00f5es atribu\u00eddas, por entidades independentes.<\/p>\n<p>Pioneiro no ensino e investiga\u00e7\u00e3o na \u00e1rea das ci\u00eancias psicol\u00f3gicas e do comportamento, o ISPA \u00e9 reconhecido nacional e internacionalmente pela excel\u00eancia do seu projeto pedag\u00f3gico, cient\u00edfico e cultural.<\/p>\n<p><strong>\u00a0 \u00a0 Fonte: LPM<\/strong><\/p>\n","protected":false},"excerpt":{"rendered":"<p>Investiga\u00e7\u00e3o do projeto SardiTemp, liderado pelo MARE-ISPA, demonstra que a sardinha ib\u00e9rica tem potenciais vantagens na adapta\u00e7\u00e3o \u00e0s altera\u00e7\u00f5es clim\u00e1ticas, mas ainda assim a subida da temperatura do mar pode levar a uma migra\u00e7\u00e3o desta esp\u00e9cie para norte. \u201cDevido ao aumento da temperatura da \u00e1gua, o que se espera \u00e9 que as sardinhas acelerem o [&hellip;]<\/p>\n","protected":false},"author":2,"featured_media":1119,"comment_status":"open","ping_status":"open","sticky":false,"template":"","format":"standard","meta":{"footnotes":""},"categories":[9],"tags":[],"class_list":["post-1117","post","type-post","status-publish","format-standard","has-post-thumbnail","hentry","category-ambiente"],"_links":{"self":[{"href":"https:\/\/tintafresca.net\/index.php\/wp-json\/wp\/v2\/posts\/1117","targetHints":{"allow":["GET"]}}],"collection":[{"href":"https:\/\/tintafresca.net\/index.php\/wp-json\/wp\/v2\/posts"}],"about":[{"href":"https:\/\/tintafresca.net\/index.php\/wp-json\/wp\/v2\/types\/post"}],"author":[{"embeddable":true,"href":"https:\/\/tintafresca.net\/index.php\/wp-json\/wp\/v2\/users\/2"}],"replies":[{"embeddable":true,"href":"https:\/\/tintafresca.net\/index.php\/wp-json\/wp\/v2\/comments?post=1117"}],"version-history":[{"count":3,"href":"https:\/\/tintafresca.net\/index.php\/wp-json\/wp\/v2\/posts\/1117\/revisions"}],"predecessor-version":[{"id":1121,"href":"https:\/\/tintafresca.net\/index.php\/wp-json\/wp\/v2\/posts\/1117\/revisions\/1121"}],"wp:featuredmedia":[{"embeddable":true,"href":"https:\/\/tintafresca.net\/index.php\/wp-json\/wp\/v2\/media\/1119"}],"wp:attachment":[{"href":"https:\/\/tintafresca.net\/index.php\/wp-json\/wp\/v2\/media?parent=1117"}],"wp:term":[{"taxonomy":"category","embeddable":true,"href":"https:\/\/tintafresca.net\/index.php\/wp-json\/wp\/v2\/categories?post=1117"},{"taxonomy":"post_tag","embeddable":true,"href":"https:\/\/tintafresca.net\/index.php\/wp-json\/wp\/v2\/tags?post=1117"}],"curies":[{"name":"wp","href":"https:\/\/api.w.org\/{rel}","templated":true}]}}