{"id":11230,"date":"2021-11-23T19:21:14","date_gmt":"2021-11-23T19:21:14","guid":{"rendered":"https:\/\/tintafresca.net\/?p=11230"},"modified":"2021-11-23T19:32:01","modified_gmt":"2021-11-23T19:32:01","slug":"vereadores-do-psd-da-batalha-defendem-a-retoma-de-programas-de-distribuicao-gratuita-de-mascaras-e-de-testes-para-prevencao-da-covid-19","status":"publish","type":"post","link":"https:\/\/tintafresca.net\/index.php\/2021\/11\/23\/vereadores-do-psd-da-batalha-defendem-a-retoma-de-programas-de-distribuicao-gratuita-de-mascaras-e-de-testes-para-prevencao-da-covid-19\/","title":{"rendered":"Vereadores do PSD da Batalha querem retoma de programas de distribui\u00e7\u00e3o gratuita de m\u00e1scaras e de testes \u00e0 Covid-19"},"content":{"rendered":"<div id=\"attachment_8527\" style=\"width: 510px\" class=\"wp-caption alignleft\"><img loading=\"lazy\" decoding=\"async\" aria-describedby=\"caption-attachment-8527\" class=\"wp-image-8527 size-full\" src=\"https:\/\/tintafresca.net\/wp-content\/uploads\/2021\/09\/Batalha_Distribuicao-de-mascaras10.jpg\" alt=\"\" width=\"500\" height=\"375\" \/><p id=\"caption-attachment-8527\" class=\"wp-caption-text\">Sala para entrega de m\u00e1scaras \u00e0 popula\u00e7\u00e3o da Batalha (Foto de arquivo)<\/p><\/div>\n<p>Os eleitos do PSD na verea\u00e7\u00e3o da C\u00e2mara Municipal da Batalha face \u00e0 evolu\u00e7\u00e3o muito preocupante dos n\u00fameros de casos positivos \u00e0 Covid-19, que registam uma incid\u00eancia considerada de risco muito elevado, com um indicador \u00e0 data de 22 de novembro de 693 novos casos nos \u00faltimos 14 dias, por 100 mil habitantes, o valor mais expressivo dos munic\u00edpios do Pinhal Litoral e um dos mais elevados de toda a regi\u00e3o Centro, defendem a retoma de programas de distribui\u00e7\u00e3o gratuita de m\u00e1scaras e de testes para preven\u00e7\u00e3o da Covid-19.<\/p>\n<p>Tamb\u00e9m a comunidade escolar conhece um crescimento sem paralelo do n\u00famero de casos ativos da Covid-19, com 41 casos ativos e 3 turmas em confinamento, segundo os \u00faltimos dados divulgados pela dire\u00e7\u00e3o do Agrupamento de Escolas, situa\u00e7\u00e3o que preocupa os pais e encarregados de educa\u00e7\u00e3o e, sendo a educa\u00e7\u00e3o uma \u00e1rea de gest\u00e3o municipal, tamb\u00e9m neste dom\u00ednio devem ser refor\u00e7adas as medidas preventivas e de testagem.<\/p>\n<p>Esta situa\u00e7\u00e3o de emerg\u00eancia sanit\u00e1ria, exige medidas urgentes e a r\u00e1pida retoma dos programas municipais de distribui\u00e7\u00e3o gratuita de m\u00e1scaras e testes \u00e0 Covid-19, bem assim um refor\u00e7o no apoio ao processo de vacina\u00e7\u00e3o atrav\u00e9s da disponibiliza\u00e7\u00e3o de transportes gratuitos para os utentes que n\u00e3o tenham condi\u00e7\u00f5es de mobilidade para o novo espa\u00e7o de vacina\u00e7\u00e3o.<\/p>\n<p>Recorde-se que em meados de outubro foi aprovada uma candidatura do anterior executivo de apoio \u00e0s despesas do Covid 19, no valor superior a 150 mil euros, pelo que existe capacidade para concretizar os apoios urgentes que a popula\u00e7\u00e3o precisa e essenciais ao controlo da evolu\u00e7\u00e3o da pandemia no munic\u00edpio da Batalha.<\/p>\n<p>A proposta hoje apresentada pelos eleitos do PSD, foi debatida em reuni\u00e3o da C\u00e2mara Municipal realizada esta segunda-feira, dia 22 de novembro, e sujeita a ajustamentos em fun\u00e7\u00e3o das decis\u00f5es previstas por parte do Governo e conhecidas na pr\u00f3xima quinta-feira, dia 25 de novembro.<\/p>\n<p>Os autarcas recordam que a gest\u00e3o da pandemia deve merecer o maior consenso e empenho de todos, reativando os programas de apoio e preven\u00e7\u00e3o \u00e0 Covid-19 que estavam em pleno funcionamento no munic\u00edpio da Batalha, independentemente de quem for a iniciativa, porque em causa est\u00e1 a seguran\u00e7a e sa\u00fade da popula\u00e7\u00e3o.<\/p>\n<p><strong>\u00a0 \u00a0 Fonte: PSD|Batalha<\/strong><\/p>\n","protected":false},"excerpt":{"rendered":"<p>Os eleitos do PSD na verea\u00e7\u00e3o da C\u00e2mara Municipal da Batalha face \u00e0 evolu\u00e7\u00e3o muito preocupante dos n\u00fameros de casos positivos \u00e0 Covid-19, que registam uma incid\u00eancia considerada de risco muito elevado, com um indicador \u00e0 data de 22 de novembro de 693 novos casos nos \u00faltimos 14 dias, por 100 mil habitantes, o valor [&hellip;]<\/p>\n","protected":false},"author":2,"featured_media":8528,"comment_status":"open","ping_status":"open","sticky":false,"template":"","format":"standard","meta":{"footnotes":""},"categories":[6],"tags":[],"class_list":["post-11230","post","type-post","status-publish","format-standard","has-post-thumbnail","hentry","category-saude"],"_links":{"self":[{"href":"https:\/\/tintafresca.net\/index.php\/wp-json\/wp\/v2\/posts\/11230","targetHints":{"allow":["GET"]}}],"collection":[{"href":"https:\/\/tintafresca.net\/index.php\/wp-json\/wp\/v2\/posts"}],"about":[{"href":"https:\/\/tintafresca.net\/index.php\/wp-json\/wp\/v2\/types\/post"}],"author":[{"embeddable":true,"href":"https:\/\/tintafresca.net\/index.php\/wp-json\/wp\/v2\/users\/2"}],"replies":[{"embeddable":true,"href":"https:\/\/tintafresca.net\/index.php\/wp-json\/wp\/v2\/comments?post=11230"}],"version-history":[{"count":6,"href":"https:\/\/tintafresca.net\/index.php\/wp-json\/wp\/v2\/posts\/11230\/revisions"}],"predecessor-version":[{"id":11236,"href":"https:\/\/tintafresca.net\/index.php\/wp-json\/wp\/v2\/posts\/11230\/revisions\/11236"}],"wp:featuredmedia":[{"embeddable":true,"href":"https:\/\/tintafresca.net\/index.php\/wp-json\/wp\/v2\/media\/8528"}],"wp:attachment":[{"href":"https:\/\/tintafresca.net\/index.php\/wp-json\/wp\/v2\/media?parent=11230"}],"wp:term":[{"taxonomy":"category","embeddable":true,"href":"https:\/\/tintafresca.net\/index.php\/wp-json\/wp\/v2\/categories?post=11230"},{"taxonomy":"post_tag","embeddable":true,"href":"https:\/\/tintafresca.net\/index.php\/wp-json\/wp\/v2\/tags?post=11230"}],"curies":[{"name":"wp","href":"https:\/\/api.w.org\/{rel}","templated":true}]}}