{"id":11296,"date":"2021-11-25T11:37:18","date_gmt":"2021-11-25T11:37:18","guid":{"rendered":"https:\/\/tintafresca.net\/?p=11296"},"modified":"2021-11-25T11:44:38","modified_gmt":"2021-11-25T11:44:38","slug":"torres-vedras-celebra-o-natal-com-animacao-por-todo-o-concelho","status":"publish","type":"post","link":"https:\/\/tintafresca.net\/index.php\/2021\/11\/25\/torres-vedras-celebra-o-natal-com-animacao-por-todo-o-concelho\/","title":{"rendered":"Torres Vedras leva anima\u00e7\u00e3o de Natal a todo o concelho"},"content":{"rendered":"<div id=\"attachment_11298\" style=\"width: 510px\" class=\"wp-caption alignleft\"><img loading=\"lazy\" decoding=\"async\" aria-describedby=\"caption-attachment-11298\" class=\"wp-image-11298 size-full\" src=\"https:\/\/tintafresca.net\/wp-content\/uploads\/2021\/11\/TV_natal10.jpg\" alt=\"\" width=\"500\" height=\"280\" srcset=\"https:\/\/tintafresca.net\/wp-content\/uploads\/2021\/11\/TV_natal10.jpg 500w, https:\/\/tintafresca.net\/wp-content\/uploads\/2021\/11\/TV_natal10-300x168.jpg 300w\" sizes=\"auto, (max-width: 500px) 100vw, 500px\" \/><p id=\"caption-attachment-11298\" class=\"wp-caption-text\">Cartaz<\/p><\/div>\n<p>Entre 26 de novembro e 6 de janeiro, o programa &#8220;Este Natal\u2026 Torres Vedras \u00e9 sua!&#8221; celebra a \u00e9poca natal\u00edcia com mais de 70 atividades. M\u00fasica, teatro e oficinas fazem parte deste programa, que tem como objetivo incentivar as compras no com\u00e9rcio tradicional.<\/p>\n<p>Ao cair da noite, as ilumina\u00e7\u00f5es de Natal ir\u00e3o encher as ruas de Torres Vedras de luz e cor. A inaugura\u00e7\u00e3o da ilumina\u00e7\u00e3o de Natal est\u00e1 marcada para dia 27 de novembro, \u00e0s 18h00, na Pra\u00e7a da Rep\u00fablica, em Torres Vedras.<\/p>\n<p>O Mercado de Natal estar\u00e1 instalado na Pra\u00e7a 25 de Abril, em Torres Vedras, entre 26 de novembro e 24 de dezembro, com expositores de produtores, artes\u00e3os e lojas locais. Inspirado e desenhado a partir do imagin\u00e1rio da \u00e9poca natal\u00edcia, o mercado tem como objetivo dinamizar o com\u00e9rcio de rua.<\/p>\n<p>Entre os dias 1 e 19 de dezembro, um desfile carregado de magia e alegria vai passar por todas as freguesias do concelho de Torres Vedras. Renas, soldadinhos, duendes, malabaristas e outras personagens do imagin\u00e1rio infantil, ir\u00e3o recriar o ambiente natal\u00edcio e distribuir\u00e3o momentos de muita emo\u00e7\u00e3o para mi\u00fados e gra\u00fados.<\/p>\n<p>1 de dezembro \u00e9 o dia que promete encantar os mais pequenos, com a chegada do Pai Natal \u00e0 cidade de Torres Vedras. O expresso polar chega \u00e0 Pra\u00e7a da Rep\u00fablica, \u00e0s 10h30, seguindo-se um desfile pelas ruas do Centro Hist\u00f3rico at\u00e9 ao Mercado Municipal de Torres Vedras, onde o Pai Natal ir\u00e1 estar aos fins de semana e feriados, das 10h00 \u00e0s 13h00, at\u00e9 dia 19 de dezembro.<\/p>\n<p>O Encontro de Coros de Natal e Reis, nos dias 10 e 11 de dezembro e 7 e 8 de janeiro, promete um repert\u00f3rio dedicado a can\u00e7\u00f5es alusivas a esta \u00e9poca festiva, com atua\u00e7\u00f5es em igrejas de Torres Vedras, Santa Cruz, Ventosa e Turcifal. O Encontro ir\u00e1 contar com seis concertos, protagonizados pela Camerata Vocal de Torres Vedras, a Associa\u00e7\u00e3o Coral Ares Novos, de Alverca, e a Associa\u00e7\u00e3o Coral de Odivelas \u2013 Coro emCANTUS.<\/p>\n<p>Nos dias 11, 12, 18 e 19 de dezembro, por cada 20 \u20ac em compras no com\u00e9rcio tradicional \u00e9 oferecido um vale de 5 \u20ac para gastar entre 26 de dezembro e 31 de janeiro.<\/p>\n<p>No m\u00eas de dezembro, nos estacionamentos cobertos do Edif\u00edcio Multisservi\u00e7os da C\u00e2mara Municipal e do Mercado Municipal de Torres Vedras o estacionamento \u00e9 gratuito durante a primeira hora.<\/p>\n<p><strong>\u00a0 \u00a0 Fonte: ACM|CMTV<\/strong><\/p>\n","protected":false},"excerpt":{"rendered":"<p>Entre 26 de novembro e 6 de janeiro, o programa &#8220;Este Natal\u2026 Torres Vedras \u00e9 sua!&#8221; celebra a \u00e9poca natal\u00edcia com mais de 70 atividades. M\u00fasica, teatro e oficinas fazem parte deste programa, que tem como objetivo incentivar as compras no com\u00e9rcio tradicional. Ao cair da noite, as ilumina\u00e7\u00f5es de Natal ir\u00e3o encher as ruas [&hellip;]<\/p>\n","protected":false},"author":2,"featured_media":11299,"comment_status":"open","ping_status":"open","sticky":false,"template":"","format":"standard","meta":{"footnotes":""},"categories":[7],"tags":[],"class_list":["post-11296","post","type-post","status-publish","format-standard","has-post-thumbnail","hentry","category-economia"],"_links":{"self":[{"href":"https:\/\/tintafresca.net\/index.php\/wp-json\/wp\/v2\/posts\/11296","targetHints":{"allow":["GET"]}}],"collection":[{"href":"https:\/\/tintafresca.net\/index.php\/wp-json\/wp\/v2\/posts"}],"about":[{"href":"https:\/\/tintafresca.net\/index.php\/wp-json\/wp\/v2\/types\/post"}],"author":[{"embeddable":true,"href":"https:\/\/tintafresca.net\/index.php\/wp-json\/wp\/v2\/users\/2"}],"replies":[{"embeddable":true,"href":"https:\/\/tintafresca.net\/index.php\/wp-json\/wp\/v2\/comments?post=11296"}],"version-history":[{"count":6,"href":"https:\/\/tintafresca.net\/index.php\/wp-json\/wp\/v2\/posts\/11296\/revisions"}],"predecessor-version":[{"id":11304,"href":"https:\/\/tintafresca.net\/index.php\/wp-json\/wp\/v2\/posts\/11296\/revisions\/11304"}],"wp:featuredmedia":[{"embeddable":true,"href":"https:\/\/tintafresca.net\/index.php\/wp-json\/wp\/v2\/media\/11299"}],"wp:attachment":[{"href":"https:\/\/tintafresca.net\/index.php\/wp-json\/wp\/v2\/media?parent=11296"}],"wp:term":[{"taxonomy":"category","embeddable":true,"href":"https:\/\/tintafresca.net\/index.php\/wp-json\/wp\/v2\/categories?post=11296"},{"taxonomy":"post_tag","embeddable":true,"href":"https:\/\/tintafresca.net\/index.php\/wp-json\/wp\/v2\/tags?post=11296"}],"curies":[{"name":"wp","href":"https:\/\/api.w.org\/{rel}","templated":true}]}}