{"id":11345,"date":"2021-11-26T19:52:07","date_gmt":"2021-11-26T19:52:07","guid":{"rendered":"https:\/\/tintafresca.net\/?p=11345"},"modified":"2021-11-26T19:54:23","modified_gmt":"2021-11-26T19:54:23","slug":"turismo-centro-de-portugal-visita-projetos-turisticos-estrategicos-do-concelho-de-obidos","status":"publish","type":"post","link":"https:\/\/tintafresca.net\/index.php\/2021\/11\/26\/turismo-centro-de-portugal-visita-projetos-turisticos-estrategicos-do-concelho-de-obidos\/","title":{"rendered":"Turismo Centro de Portugal visita projetos tur\u00edsticos estrat\u00e9gicos do concelho de \u00d3bidos"},"content":{"rendered":"<div id=\"attachment_11348\" style=\"width: 510px\" class=\"wp-caption alignleft\"><img loading=\"lazy\" decoding=\"async\" aria-describedby=\"caption-attachment-11348\" class=\"wp-image-11348 size-full\" src=\"https:\/\/tintafresca.net\/wp-content\/uploads\/2021\/11\/Obidos_Turismo_do_Centro10.jpg\" alt=\"\" width=\"500\" height=\"321\" srcset=\"https:\/\/tintafresca.net\/wp-content\/uploads\/2021\/11\/Obidos_Turismo_do_Centro10.jpg 500w, https:\/\/tintafresca.net\/wp-content\/uploads\/2021\/11\/Obidos_Turismo_do_Centro10-300x193.jpg 300w\" sizes=\"auto, (max-width: 500px) 100vw, 500px\" \/><p id=\"caption-attachment-11348\" class=\"wp-caption-text\">Delega\u00e7\u00e3o que acompanhou a visita<\/p><\/div>\n<p>O presidente da Turismo Centro de Portugal, Pedro Machado, e outros elementos deste organismo realizaram, no dia 23 de novembro, uma visita institucional a v\u00e1rios locais do concelho de \u00d3bidos. A desloca\u00e7\u00e3o, a convite do novo executivo camar\u00e1rio, teve como principal objetivo conhecer de forma detalhada alguns projetos na \u00e1rea do Turismo previstos para o territ\u00f3rio.<\/p>\n<p>A visita foi acompanhada pelo presidente da C\u00e2mara Municipal de \u00d3bidos, Filipe Daniel, e pelos vereadores Telmo F\u00e9lix, Ana Margarida Reis e Jos\u00e9 Pereira, que tiveram oportunidade de dar a conhecer, nos locais, os projetos tur\u00edsticos estrat\u00e9gicos que pretendem desenvolver, nomeadamente na Albufeira do Arnoia, no Convento de S\u00e3o Miguel, na Lagoa de \u00d3bidos e na aldeia de Sobral da Lagoa.<\/p>\n<p>\u201cNesta primeira visita oficial com o novo presidente da C\u00e2mara Municipal de \u00d3bidos, quisemos perceber as linhas desenhadas para este mandato a n\u00edvel do Turismo. O Concelho de \u00d3bidos tem uma marca consagrada e bem constru\u00edda nos \u00faltimos anos, mas a partir de agora pretende abra\u00e7ar novos desafios. Percebemos que h\u00e1 a inten\u00e7\u00e3o de promover um turismo cada vez mais ativo, um turismo de natureza e desportivo, mas tamb\u00e9m de lazer, sa\u00fade e bem-estar. Queremos aproveitar o quadro comunit\u00e1rio que agora se inicia e encontrar os instrumentos financeiros que possam mitigar o esfor\u00e7o que a C\u00e2mara vai ter de fazer neste \u00e2mbito\u201d, destacou Pedro Machado.<\/p>\n<p>Filipe Daniel, por seu lado, sublinhou que \u00d3bidos \u00e9 \u201cum territ\u00f3rio com uma oferta diversificada e um posicionamento geogr\u00e1fico favor\u00e1vel. Queremos que as pessoas continuem a escolher \u00d3bidos para visitar e que continuem a ser surpreendidas, numa perspetiva de inova\u00e7\u00e3o e de criatividade\u201d.<\/p>\n<p>\u201cO nosso objetivo \u00e9 abrir \u00d3bidos para fora das muralhas, tendo sempre as muralhas como \u00e2ncora de desenvolvimento econ\u00f3mico e cultural. Mas pretendemos privilegiar tamb\u00e9m as freguesias e as localidades, com v\u00e1rios projetos tur\u00edsticos. Por exemplo, pretendemos fazer uma ponte suspensa e passadi\u00e7os entre a aldeia de Sobral da Lagoa e \u00e0 aldeia de Amoreira. O Aqueduto da Usseira \u00e9 tamb\u00e9m extremamente simb\u00f3lico para n\u00f3s: queremos reabilit\u00e1-lo e retratar a vinda da \u00e1gua da freguesia da Usseira para \u00d3bidos. Estes s\u00e3o s\u00f3 alguns dos muitos projetos que pretendemos implementar\u201d, exemplificou o autarca.<\/p>\n<p>Sobre o Turismo Centro de Portugal:<\/p>\n<p>O Turismo Centro de Portugal \u00e9 a entidade que estrutura e promove o turismo na Regi\u00e3o Centro do pa\u00eds. Esta \u00e9 a maior e mais diversificada \u00e1rea tur\u00edstica nacional, abrangendo 100 munic\u00edpios, e tem registado um intenso crescimento da procura interna e externa. \u00c9 a regi\u00e3o a escolher para quem pretende experi\u00eancias diversificadas, pois concilia locais Patrim\u00f3nio da Humanidade com a melhor costa de surf da Europa, termas e spas id\u00edlicos, locais de culto de import\u00e2ncia mundial e as mais belas aldeias.<\/p>\n<p><strong>\u00a0 \u00a0 \u00a0Fonte: TCP e PV<\/strong><\/p>\n","protected":false},"excerpt":{"rendered":"<p>O presidente da Turismo Centro de Portugal, Pedro Machado, e outros elementos deste organismo realizaram, no dia 23 de novembro, uma visita institucional a v\u00e1rios locais do concelho de \u00d3bidos. A desloca\u00e7\u00e3o, a convite do novo executivo camar\u00e1rio, teve como principal objetivo conhecer de forma detalhada alguns projetos na \u00e1rea do Turismo previstos para o [&hellip;]<\/p>\n","protected":false},"author":2,"featured_media":11349,"comment_status":"open","ping_status":"open","sticky":false,"template":"","format":"standard","meta":{"footnotes":""},"categories":[7],"tags":[],"class_list":["post-11345","post","type-post","status-publish","format-standard","has-post-thumbnail","hentry","category-economia"],"_links":{"self":[{"href":"https:\/\/tintafresca.net\/index.php\/wp-json\/wp\/v2\/posts\/11345","targetHints":{"allow":["GET"]}}],"collection":[{"href":"https:\/\/tintafresca.net\/index.php\/wp-json\/wp\/v2\/posts"}],"about":[{"href":"https:\/\/tintafresca.net\/index.php\/wp-json\/wp\/v2\/types\/post"}],"author":[{"embeddable":true,"href":"https:\/\/tintafresca.net\/index.php\/wp-json\/wp\/v2\/users\/2"}],"replies":[{"embeddable":true,"href":"https:\/\/tintafresca.net\/index.php\/wp-json\/wp\/v2\/comments?post=11345"}],"version-history":[{"count":3,"href":"https:\/\/tintafresca.net\/index.php\/wp-json\/wp\/v2\/posts\/11345\/revisions"}],"predecessor-version":[{"id":11350,"href":"https:\/\/tintafresca.net\/index.php\/wp-json\/wp\/v2\/posts\/11345\/revisions\/11350"}],"wp:featuredmedia":[{"embeddable":true,"href":"https:\/\/tintafresca.net\/index.php\/wp-json\/wp\/v2\/media\/11349"}],"wp:attachment":[{"href":"https:\/\/tintafresca.net\/index.php\/wp-json\/wp\/v2\/media?parent=11345"}],"wp:term":[{"taxonomy":"category","embeddable":true,"href":"https:\/\/tintafresca.net\/index.php\/wp-json\/wp\/v2\/categories?post=11345"},{"taxonomy":"post_tag","embeddable":true,"href":"https:\/\/tintafresca.net\/index.php\/wp-json\/wp\/v2\/tags?post=11345"}],"curies":[{"name":"wp","href":"https:\/\/api.w.org\/{rel}","templated":true}]}}