{"id":11351,"date":"2021-11-27T12:48:57","date_gmt":"2021-11-27T12:48:57","guid":{"rendered":"https:\/\/tintafresca.net\/?p=11351"},"modified":"2021-11-28T00:15:27","modified_gmt":"2021-11-28T00:15:27","slug":"nazare-cancela-festejos-de-rua-da-passagem-de-ano-2021-2022","status":"publish","type":"post","link":"https:\/\/tintafresca.net\/index.php\/2021\/11\/27\/nazare-cancela-festejos-de-rua-da-passagem-de-ano-2021-2022\/","title":{"rendered":"Nazar\u00e9 cancela festas de rua na passagem de ano"},"content":{"rendered":"<div id=\"attachment_11353\" style=\"width: 510px\" class=\"wp-caption alignleft\"><img loading=\"lazy\" decoding=\"async\" aria-describedby=\"caption-attachment-11353\" class=\"wp-image-11353 size-full\" src=\"https:\/\/tintafresca.net\/wp-content\/uploads\/2021\/11\/Nazare_Passagem_ano10.jpg\" alt=\"\" width=\"500\" height=\"333\" srcset=\"https:\/\/tintafresca.net\/wp-content\/uploads\/2021\/11\/Nazare_Passagem_ano10.jpg 500w, https:\/\/tintafresca.net\/wp-content\/uploads\/2021\/11\/Nazare_Passagem_ano10-300x200.jpg 300w\" sizes=\"auto, (max-width: 500px) 100vw, 500px\" \/><p id=\"caption-attachment-11353\" class=\"wp-caption-text\">Fogo de artif\u00edcio na Nazar\u00e9<\/p><\/div>\n<p>A C\u00e2mara Municipal anunciou, esta sexta-feira, dia 26 de novembro, o cancelamento dos festejos de rua da Passagem de ano 2021-2022.<\/p>\n<p>\u201cAp\u00f3s o an\u00fancio, na passada quinta-feira, das novas medidas de controlo e mitiga\u00e7\u00e3o da atual pandemia COVID-19, efetuada pelo Primeiro-Ministro Ant\u00f3nio Costa, em conson\u00e2ncia com a Dire\u00e7\u00e3o Geral de Sa\u00fade, e ap\u00f3s reflex\u00e3o e decis\u00e3o do Presidente da C\u00e2mara Municipal da Nazar\u00e9, Walter Chicharro, o evento Passagem de Ano 2021\/2022 n\u00e3o se ir\u00e1 realizar\u201d, refere a autarquia.<\/p>\n<p>A C\u00e2mara refere que a decis\u00e3o surge ap\u00f3s uma ponderada reflex\u00e3o sobre as medidas anunciadas pelo Governo, que entrar\u00e3o em vigor a partir do pr\u00f3ximo dia 1 de dezembro.<\/p>\n<p>\u201cA decis\u00e3o foi alvo de grande pondera\u00e7\u00e3o e n\u00e3o foi tomada de \u00e2nimo leve, no entanto, foi, no entender da autarquia, a mais sensata uma vez que o Munic\u00edpio n\u00e3o conseguir\u00e1 controlar os grandes aglomerados, bem como, a obriga\u00e7\u00e3o de apresenta\u00e7\u00e3o dos testes negativos impostos pelas novas medidas\u201d.<\/p>\n<p>O Munic\u00edpio da Nazar\u00e9 considera \u201cfundamental garantir a seguran\u00e7a de todos e o cumprimento das medidas definidas\u201d para \u201cmitigar o atual flagelo mundial vivido\u201d.<\/p>\n<p>O Governo apresentou, quinta-feira, as novas medidas de combate \u00e0 pandemia de covid-19, entre as quais est\u00e1 a obrigatoriedade de teste negativo (mesmo para vacinados) no acesso a grandes eventos sem lugares marcados ou em recintos improvisados e recintos desportivos.<\/p>\n<p><strong>\u00a0 Fonte: GIC|CMN<\/strong><\/p>\n","protected":false},"excerpt":{"rendered":"<p>A C\u00e2mara Municipal anunciou, esta sexta-feira, dia 26 de novembro, o cancelamento dos festejos de rua da Passagem de ano 2021-2022. \u201cAp\u00f3s o an\u00fancio, na passada quinta-feira, das novas medidas de controlo e mitiga\u00e7\u00e3o da atual pandemia COVID-19, efetuada pelo Primeiro-Ministro Ant\u00f3nio Costa, em conson\u00e2ncia com a Dire\u00e7\u00e3o Geral de Sa\u00fade, e ap\u00f3s reflex\u00e3o e [&hellip;]<\/p>\n","protected":false},"author":2,"featured_media":11374,"comment_status":"open","ping_status":"open","sticky":false,"template":"","format":"standard","meta":{"footnotes":""},"categories":[7,11],"tags":[],"class_list":["post-11351","post","type-post","status-publish","format-standard","has-post-thumbnail","hentry","category-economia","category-sociedade"],"_links":{"self":[{"href":"https:\/\/tintafresca.net\/index.php\/wp-json\/wp\/v2\/posts\/11351","targetHints":{"allow":["GET"]}}],"collection":[{"href":"https:\/\/tintafresca.net\/index.php\/wp-json\/wp\/v2\/posts"}],"about":[{"href":"https:\/\/tintafresca.net\/index.php\/wp-json\/wp\/v2\/types\/post"}],"author":[{"embeddable":true,"href":"https:\/\/tintafresca.net\/index.php\/wp-json\/wp\/v2\/users\/2"}],"replies":[{"embeddable":true,"href":"https:\/\/tintafresca.net\/index.php\/wp-json\/wp\/v2\/comments?post=11351"}],"version-history":[{"count":6,"href":"https:\/\/tintafresca.net\/index.php\/wp-json\/wp\/v2\/posts\/11351\/revisions"}],"predecessor-version":[{"id":11359,"href":"https:\/\/tintafresca.net\/index.php\/wp-json\/wp\/v2\/posts\/11351\/revisions\/11359"}],"wp:featuredmedia":[{"embeddable":true,"href":"https:\/\/tintafresca.net\/index.php\/wp-json\/wp\/v2\/media\/11374"}],"wp:attachment":[{"href":"https:\/\/tintafresca.net\/index.php\/wp-json\/wp\/v2\/media?parent=11351"}],"wp:term":[{"taxonomy":"category","embeddable":true,"href":"https:\/\/tintafresca.net\/index.php\/wp-json\/wp\/v2\/categories?post=11351"},{"taxonomy":"post_tag","embeddable":true,"href":"https:\/\/tintafresca.net\/index.php\/wp-json\/wp\/v2\/tags?post=11351"}],"curies":[{"name":"wp","href":"https:\/\/api.w.org\/{rel}","templated":true}]}}