{"id":11388,"date":"2021-11-28T12:29:01","date_gmt":"2021-11-28T12:29:01","guid":{"rendered":"https:\/\/tintafresca.net\/?p=11388"},"modified":"2021-11-28T12:42:46","modified_gmt":"2021-11-28T12:42:46","slug":"universidade-de-coimbra-lidera-consorcio-que-pretende-implementar-rede-estrategica-para-a-medicina-genomica-na-regiao-centro","status":"publish","type":"post","link":"https:\/\/tintafresca.net\/index.php\/2021\/11\/28\/universidade-de-coimbra-lidera-consorcio-que-pretende-implementar-rede-estrategica-para-a-medicina-genomica-na-regiao-centro\/","title":{"rendered":"Universidade de Coimbra lidera cons\u00f3rcio que pretende criar rede estrat\u00e9gica para a Medicina Gen\u00f3mica na Regi\u00e3o Centro"},"content":{"rendered":"<div id=\"attachment_11390\" style=\"width: 510px\" class=\"wp-caption alignleft\"><img loading=\"lazy\" decoding=\"async\" aria-describedby=\"caption-attachment-11390\" class=\"wp-image-11390 size-full\" src=\"https:\/\/tintafresca.net\/wp-content\/uploads\/2021\/11\/UC_FERNANDO-REGATEIRO10.jpg\" alt=\"\" width=\"500\" height=\"670\" srcset=\"https:\/\/tintafresca.net\/wp-content\/uploads\/2021\/11\/UC_FERNANDO-REGATEIRO10.jpg 500w, https:\/\/tintafresca.net\/wp-content\/uploads\/2021\/11\/UC_FERNANDO-REGATEIRO10-224x300.jpg 224w\" sizes=\"auto, (max-width: 500px) 100vw, 500px\" \/><p id=\"caption-attachment-11390\" class=\"wp-caption-text\">Fernando Regateiro, presidente do Conselho de Administra\u00e7\u00e3o dos Hospitais da Universidade de Coimbra (Foto: Lu\u00eds Carrega) LUIS CARREGA<\/p><\/div>\n<p>Ter a funcionar uma rede de refer\u00eancia para a \u00e1rea da medicina gen\u00f3mica na regi\u00e3o Centro do pa\u00eds, dentro de dois anos, \u00e9 o grande objetivo de um cons\u00f3rcio liderado pela Universidade de Coimbra (UC), em parceria com a Comiss\u00e3o de Coordena\u00e7\u00e3o e Desenvolvimento Regional do Centro (CCDRC).<\/p>\n<p>A medicina gen\u00f3mica \u2013 personalizada e de precis\u00e3o \u2013 \u00e9 uma \u00e1rea emergente da medicina que, atrav\u00e9s de testes gen\u00e9ticos (an\u00e1lise de DNA), \u00e9 capaz de detetar v\u00e1rias doen\u00e7as, permitindo antecipar resultados em sa\u00fade, estabelecer pol\u00edticas de preven\u00e7\u00e3o e desenvolver a\u00e7\u00f5es e sistemas inovadores que facilitem o diagn\u00f3stico precoce e novos tratamentos e tipos de terapias. No futuro, a medicina gen\u00f3mica ter\u00e1 grande impacto em doen\u00e7as como o cancro, doen\u00e7as neurodegenerativas, doen\u00e7as metab\u00f3licas, doen\u00e7as respirat\u00f3rias e doen\u00e7as cardiovasculares, entre outras.<\/p>\n<p>Com a dura\u00e7\u00e3o de dois anos, o designado \u201cProjeto de Capacita\u00e7\u00e3o da Regi\u00e3o Centro para a Medicina Personalizada\/de Precis\u00e3o, de base gen\u00f3mica\u201d envolve mais de uma dezena de centros de investiga\u00e7\u00e3o da Universidade de Coimbra, da Universidade de Aveiro (UA) e da Universidade da Beira Interior (UBI), bem como v\u00e1rios hospitais e unidades de sa\u00fade da regi\u00e3o Centro, e conta com o financiamento de 1,2 milh\u00f5es de euros, atribu\u00eddo no \u00e2mbito do Programa Operacional da Regi\u00e3o Centro (PO Centro 2020).<\/p>\n<p>A medicina gen\u00f3mica \u00abest\u00e1 a emergir em diversas regi\u00f5es do mundo, nomeadamente, nos pa\u00edses com maior desenvolvimento econ\u00f3mico e social, como uma \u00e1rea de inova\u00e7\u00e3o do diagn\u00f3stico cl\u00ednico e do planeamento terap\u00eautico, com forte impacto na qualidade de vida, na redu\u00e7\u00e3o dos custos da sa\u00fade, globalmente, na economia da sa\u00fade\u00bb, contextualiza Fernando Regateiro, professor catedr\u00e1tico da Faculdade de Medicina da Universidade de Coimbra (FMUC) e coordenador do cons\u00f3rcio.<\/p>\n<p>Com a medicina baseada em testes gen\u00e9ticos, acrescenta, \u00abos m\u00e9dicos e os doentes esperam, tratamentos mais precisos, com individualiza\u00e7\u00e3o da dose e dos efeitos, diagn\u00f3sticos precoces de doen\u00e7a, pr\u00e9-sintom\u00e1ticos, e a identifica\u00e7\u00e3o de suscetibilidade para uma determinada doen\u00e7a\u00bb.<\/p>\n<p>O projeto deste cons\u00f3rcio tem como principais eixos o mapeamento de disponibilidades existentes na regi\u00e3o Centro na \u00e1rea da gen\u00f3mica, a defini\u00e7\u00e3o e elabora\u00e7\u00e3o do Relat\u00f3rio de Estrat\u00e9gia Regional para o per\u00edodo 2023-2030, capacita\u00e7\u00e3o para a medicina gen\u00f3mica, transfer\u00eancia de conhecimento e dissemina\u00e7\u00e3o do conhecimento junto dos profissionais de sa\u00fade e do p\u00fablico em geral e a\u00e7\u00f5es de natureza educativa.<\/p>\n<p>Est\u00e1 j\u00e1 em curso o mapeamento aprofundado dos recursos atuais e a avalia\u00e7\u00e3o das necessidades, a m\u00e9dio e longo prazo, dos atores da regi\u00e3o Centro que atuam ou tenham interesse na \u00e1rea da medicina gen\u00f3mica. Segundo o cons\u00f3rcio, \u00abn\u00e3o existe um mapeamento espec\u00edfico e detalhado que identifique a capacidade tecnol\u00f3gica dispon\u00edvel, por exemplo, para o armazenamento de amostras biol\u00f3gicas humanas (biobancos) e para o processamento das mesmas, para a extra\u00e7\u00e3o de DNA gen\u00f3mico de alta qualidade de v\u00e1rios tipos de amostras (sangue, saliva, bi\u00f3psias s\u00f3lidas, etc.) e para a implementa\u00e7\u00e3o de procedimentos padronizados de controlo de qualidade do DNA\u00bb.<\/p>\n<p>No que respeita \u00e0 capacita\u00e7\u00e3o t\u00e9cnica para a medicina gen\u00f3mica, isto \u00e9, preparar os diversos stakeholders para os desafios colocados por esta abordagem m\u00e9dica, as tr\u00eas universidades envolvidas no projeto v\u00e3o realizar estudos laboratoriais de gen\u00f3mica nas \u00e1reas do cancro, diabetes e doen\u00e7a pulmonar obstrutiva cr\u00f3nica.<\/p>\n<p>Na UC, a capacita\u00e7\u00e3o t\u00e9cnica vai focar-se na \u00e1rea do cancro, a segunda causa de morte a n\u00edvel mundial e em Portugal. Na \u00faltima d\u00e9cada, salienta Fernando Regateiro, que ir\u00e1 coordenar o estudo, o tratamento do cancro \u00absofreu uma verdadeira revolu\u00e7\u00e3o deixando de estar dependente apenas do diagn\u00f3stico histol\u00f3gico e estadio da doen\u00e7a, para ser individualizado de acordo com o perfil molecular do tumor, o perfil gen\u00e9tico do paciente e a sua resposta imunol\u00f3gica. A descoberta de novos marcadores de progn\u00f3stico e preditivos da resposta terap\u00eautica tem sido acompanhada pelo lan\u00e7amento no mercado de um n\u00famero crescente de f\u00e1rmacos-alvo, isto \u00e9, dirigidos a altera\u00e7\u00f5es gen\u00e9ticas tumorais espec\u00edficas\u00bb.<\/p>\n<p>Por sua vez, a UA vai desenvolver um estudo em sequencia\u00e7\u00e3o de exomas de indiv\u00edduos com doen\u00e7a pulmonar obstrutiva cr\u00f3nica (DPOC), em particular na identifica\u00e7\u00e3o de variantes gen\u00e9ticas associadas \u00e0 resposta destes pacientes \u00e0 reabilita\u00e7\u00e3o pulmonar (RP).\u00a0 Em Portugal, a DPOC atinge mais de 800 mil pessoas e a sua incid\u00eancia na regi\u00e3o Centro \u00e9 aproximadamente de 13%.<\/p>\n<p>Na UBI v\u00e3o ser realizados estudos moleculares em doen\u00e7as do metabolismo, com foco na identifica\u00e7\u00e3o das formas monog\u00e9nicas da diabetes (sequencia\u00e7\u00e3o de exomas), uma doen\u00e7a cr\u00f3nica que \u00e9 a principal causa de insufici\u00eancia renal, de amputa\u00e7\u00f5es e de cegueira, e a quarta principal causa de morte na maior parte dos pa\u00edses desenvolvidos.<\/p>\n<p>O cons\u00f3rcio prev\u00ea, ainda, desenvolver uma plataforma de transfer\u00eancia de tecnologia para apoio \u00e0 cria\u00e7\u00e3o de \u201cstartups\u201d, com o objetivo de encontrar parceiros de neg\u00f3cio e potenciar a procura de investimento, bem como encontrar oportunidades de colabora\u00e7\u00e3o.<\/p>\n<p>As institui\u00e7\u00f5es de sa\u00fade que integram o cons\u00f3rcio s\u00e3o: Centro Hospitalar de Leiria, Centro Hospitalar do Baixo Vouga, Centro Hospitalar do M\u00e9dio Tejo, Centro Hospitalar do Oeste, Centro Hospitalar e Universit\u00e1rio de Coimbra, Centro Hospitalar Tondela-Viseu, Centro Hospitalar Universit\u00e1rio Cova da Beira, Instituto Portugu\u00eas de Oncologia de Coimbra Francisco Gentil, ULS da Guarda e ULS de Castelo Branco.<\/p>\n<p>Colaboram ainda a Dire\u00e7\u00e3o Geral dos Estabelecimentos Escolares, atrav\u00e9s da Delegada Regional de Educa\u00e7\u00e3o do Centro, a Associa\u00e7\u00e3o Portuguesa de Imprensa e a Associa\u00e7\u00e3o Portuguesa de Professores de Biologia e Geologia.<\/p>\n<p><strong> \u00a0 Fonte: AI|UC<\/strong><\/p>\n","protected":false},"excerpt":{"rendered":"<p>Ter a funcionar uma rede de refer\u00eancia para a \u00e1rea da medicina gen\u00f3mica na regi\u00e3o Centro do pa\u00eds, dentro de dois anos, \u00e9 o grande objetivo de um cons\u00f3rcio liderado pela Universidade de Coimbra (UC), em parceria com a Comiss\u00e3o de Coordena\u00e7\u00e3o e Desenvolvimento Regional do Centro (CCDRC). A medicina gen\u00f3mica \u2013 personalizada e de [&hellip;]<\/p>\n","protected":false},"author":2,"featured_media":11391,"comment_status":"open","ping_status":"open","sticky":false,"template":"","format":"standard","meta":{"footnotes":""},"categories":[6],"tags":[],"class_list":["post-11388","post","type-post","status-publish","format-standard","has-post-thumbnail","hentry","category-saude"],"_links":{"self":[{"href":"https:\/\/tintafresca.net\/index.php\/wp-json\/wp\/v2\/posts\/11388","targetHints":{"allow":["GET"]}}],"collection":[{"href":"https:\/\/tintafresca.net\/index.php\/wp-json\/wp\/v2\/posts"}],"about":[{"href":"https:\/\/tintafresca.net\/index.php\/wp-json\/wp\/v2\/types\/post"}],"author":[{"embeddable":true,"href":"https:\/\/tintafresca.net\/index.php\/wp-json\/wp\/v2\/users\/2"}],"replies":[{"embeddable":true,"href":"https:\/\/tintafresca.net\/index.php\/wp-json\/wp\/v2\/comments?post=11388"}],"version-history":[{"count":3,"href":"https:\/\/tintafresca.net\/index.php\/wp-json\/wp\/v2\/posts\/11388\/revisions"}],"predecessor-version":[{"id":11393,"href":"https:\/\/tintafresca.net\/index.php\/wp-json\/wp\/v2\/posts\/11388\/revisions\/11393"}],"wp:featuredmedia":[{"embeddable":true,"href":"https:\/\/tintafresca.net\/index.php\/wp-json\/wp\/v2\/media\/11391"}],"wp:attachment":[{"href":"https:\/\/tintafresca.net\/index.php\/wp-json\/wp\/v2\/media?parent=11388"}],"wp:term":[{"taxonomy":"category","embeddable":true,"href":"https:\/\/tintafresca.net\/index.php\/wp-json\/wp\/v2\/categories?post=11388"},{"taxonomy":"post_tag","embeddable":true,"href":"https:\/\/tintafresca.net\/index.php\/wp-json\/wp\/v2\/tags?post=11388"}],"curies":[{"name":"wp","href":"https:\/\/api.w.org\/{rel}","templated":true}]}}