{"id":11394,"date":"2021-11-28T12:53:44","date_gmt":"2021-11-28T12:53:44","guid":{"rendered":"https:\/\/tintafresca.net\/?p=11394"},"modified":"2021-11-28T12:56:35","modified_gmt":"2021-11-28T12:56:35","slug":"antonio-lacerda-sales-inaugura-extensao-de-saude-de-montalvo","status":"publish","type":"post","link":"https:\/\/tintafresca.net\/index.php\/2021\/11\/28\/antonio-lacerda-sales-inaugura-extensao-de-saude-de-montalvo\/","title":{"rendered":"Ant\u00f3nio Lacerda Sales inaugura Extens\u00e3o de Sa\u00fade de Montalvo"},"content":{"rendered":"<div id=\"attachment_11396\" style=\"width: 248px\" class=\"wp-caption alignleft\"><img loading=\"lazy\" decoding=\"async\" aria-describedby=\"caption-attachment-11396\" class=\"wp-image-11396 size-full\" src=\"https:\/\/tintafresca.net\/wp-content\/uploads\/2021\/11\/Antonio_Sales1.jpg\" alt=\"\" width=\"238\" height=\"235\" \/><p id=\"caption-attachment-11396\" class=\"wp-caption-text\">Ant\u00f3nio Lacerda Sales<\/p><\/div>\n<p>O secret\u00e1rio de Estado Adjunto e da Sa\u00fade, Ant\u00f3nio Lacerda Sales, inaugura no dia 6 de dezembro, segunda-feira, \u00e0s 12h00, a Extens\u00e3o de Sa\u00fade de Montalvo, no concelho de Const\u00e2ncia. A cerim\u00f3nia ir\u00e1 contar ainda com a presen\u00e7a do presidente da C\u00e2mara Municipal de Const\u00e2ncia, S\u00e9rgio Oliveira.<\/p>\n","protected":false},"excerpt":{"rendered":"<p>O secret\u00e1rio de Estado Adjunto e da Sa\u00fade, Ant\u00f3nio Lacerda Sales, inaugura no dia 6 de dezembro, segunda-feira, \u00e0s 12h00, a Extens\u00e3o de Sa\u00fade de Montalvo, no concelho de Const\u00e2ncia. A cerim\u00f3nia ir\u00e1 contar ainda com a presen\u00e7a do presidente da C\u00e2mara Municipal de Const\u00e2ncia, S\u00e9rgio Oliveira.<\/p>\n","protected":false},"author":2,"featured_media":11397,"comment_status":"open","ping_status":"open","sticky":false,"template":"","format":"standard","meta":{"footnotes":""},"categories":[6],"tags":[],"class_list":["post-11394","post","type-post","status-publish","format-standard","has-post-thumbnail","hentry","category-saude"],"_links":{"self":[{"href":"https:\/\/tintafresca.net\/index.php\/wp-json\/wp\/v2\/posts\/11394","targetHints":{"allow":["GET"]}}],"collection":[{"href":"https:\/\/tintafresca.net\/index.php\/wp-json\/wp\/v2\/posts"}],"about":[{"href":"https:\/\/tintafresca.net\/index.php\/wp-json\/wp\/v2\/types\/post"}],"author":[{"embeddable":true,"href":"https:\/\/tintafresca.net\/index.php\/wp-json\/wp\/v2\/users\/2"}],"replies":[{"embeddable":true,"href":"https:\/\/tintafresca.net\/index.php\/wp-json\/wp\/v2\/comments?post=11394"}],"version-history":[{"count":2,"href":"https:\/\/tintafresca.net\/index.php\/wp-json\/wp\/v2\/posts\/11394\/revisions"}],"predecessor-version":[{"id":11398,"href":"https:\/\/tintafresca.net\/index.php\/wp-json\/wp\/v2\/posts\/11394\/revisions\/11398"}],"wp:featuredmedia":[{"embeddable":true,"href":"https:\/\/tintafresca.net\/index.php\/wp-json\/wp\/v2\/media\/11397"}],"wp:attachment":[{"href":"https:\/\/tintafresca.net\/index.php\/wp-json\/wp\/v2\/media?parent=11394"}],"wp:term":[{"taxonomy":"category","embeddable":true,"href":"https:\/\/tintafresca.net\/index.php\/wp-json\/wp\/v2\/categories?post=11394"},{"taxonomy":"post_tag","embeddable":true,"href":"https:\/\/tintafresca.net\/index.php\/wp-json\/wp\/v2\/tags?post=11394"}],"curies":[{"name":"wp","href":"https:\/\/api.w.org\/{rel}","templated":true}]}}