{"id":11403,"date":"2021-11-28T17:51:50","date_gmt":"2021-11-28T17:51:50","guid":{"rendered":"https:\/\/tintafresca.net\/?p=11403"},"modified":"2021-11-28T18:04:39","modified_gmt":"2021-11-28T18:04:39","slug":"natal-regressa-ao-cadaval-com-animacao-variada","status":"publish","type":"post","link":"https:\/\/tintafresca.net\/index.php\/2021\/11\/28\/natal-regressa-ao-cadaval-com-animacao-variada\/","title":{"rendered":"Natal regressa ao Cadaval com anima\u00e7\u00e3o variada"},"content":{"rendered":"<div id=\"attachment_11405\" style=\"width: 510px\" class=\"wp-caption alignleft\"><img loading=\"lazy\" decoding=\"async\" aria-describedby=\"caption-attachment-11405\" class=\"wp-image-11405 size-full\" src=\"https:\/\/tintafresca.net\/wp-content\/uploads\/2021\/11\/Cadaval_Natal2021_10.jpg\" alt=\"\" width=\"500\" height=\"707\" srcset=\"https:\/\/tintafresca.net\/wp-content\/uploads\/2021\/11\/Cadaval_Natal2021_10.jpg 500w, https:\/\/tintafresca.net\/wp-content\/uploads\/2021\/11\/Cadaval_Natal2021_10-212x300.jpg 212w\" sizes=\"auto, (max-width: 500px) 100vw, 500px\" \/><p id=\"caption-attachment-11405\" class=\"wp-caption-text\">Cartaz<\/p><\/div>\n<p>A 1 de dezembro, quarta-feira, a vila do Cadaval volta a vestir-se de acordo com a quadra natal\u00edcia, com ilumina\u00e7\u00e3o e exposi\u00e7\u00e3o de esculturas alusivas, a par de um conjunto de atividades com destaque para anima\u00e7\u00e3o natal\u00edcia e mercado de Natal. Nesta quadra, decorrer\u00e3o ainda dois concursos, no com\u00e9rcio tradicional e nos restaurantes do Concelho que tenham aderido \u00e0 iniciativa camar\u00e1ria.<\/p>\n<p>No dia 1 de dezembro, pelas 18h00, dar-se-\u00e1 o acendimento da ilumina\u00e7\u00e3o de Natal nas principais art\u00e9rias da vila, a par da abertura do Parque de Natal, que estar\u00e1 localizado no Parque de Lazer.<\/p>\n<p>O Parque de Natal incluir\u00e1 diversos elementos decorativos, tais como t\u00fanel de luzes, \u00e1rvore de Natal, boneco de neve, baloi\u00e7o de Natal, que estar\u00e3o patentes de 1 de dezembro a 6 de janeiro.<\/p>\n<p>O referido Parque de Natal acolher\u00e1 tamb\u00e9m, ao fim de semana (dias 11, 12, 18 e 19 de dezembro), entre as 10h00 e as 17h00, insufl\u00e1veis e karts a pedais, atividades gratuitas que prometem fazer as del\u00edcias da pequenada.<\/p>\n<p>Nos dias 11 e 18 (s\u00e1bado), das 10h00 \u00e0s 17h00, o Parque de Lazer recebe tamb\u00e9m o Ateli\u00ea de Natal da Biblioteca, baseado na constru\u00e7\u00e3o de origamis. Nesses dias e hor\u00e1rio, o Museu Municipal vai estar aberto ao p\u00fablico que queira aproveitar para o visitar.<\/p>\n<p>Tamb\u00e9m dias 11 e 18, das 10h00 \u00e0s 17h00, a Pra\u00e7a da Rep\u00fablica recebe o j\u00e1 habitual Mercado de Natal, com a presen\u00e7a de artesanato e produtos locais. Em paralelo, a vila acolher\u00e1 anima\u00e7\u00e3o de rua alusiva \u00e0 quadra, onde n\u00e3o faltar\u00e1 o pai natal, duendes encantados e anima\u00e7\u00e3o musical.<\/p>\n<p>No dia 18, pelas 21h00, acontecer\u00e1 tamb\u00e9m um espet\u00e1culo de videomapping, projetado na fachada do edif\u00edcio da biblioteca e museu municipais. Subordinado ao tema &#8220;O Natal Encantado&#8221;, trata-se de uma hist\u00f3ria animada em proje\u00e7\u00e3o, com recurso a muita cor, som e imagem, de acesso livre ao p\u00fablico.<\/p>\n<p>Nos dias 14, 15 e 16, dar-se-\u00e1 a habitual visita do Pai Natal \u00e0s escolas e jardins de inf\u00e2ncia da rede p\u00fablica, acompanhado por um duende e um soldadinho de chumbo, para entrega de presentes.<\/p>\n<p>At\u00e9 dia 6 de janeiro, poder\u00e1 ainda presenciar, na Pra\u00e7a da Rep\u00fablica (vila do Cadaval), a Exposi\u00e7\u00e3o de Esculturas de Natal, realizadas anualmente pelas escolas e IPSS\u2019s do Concelho sob proposta camar\u00e1ria.<\/p>\n<p>De 1 a 6 de dezembro, decorrer\u00e1, no com\u00e9rcio tradicional e restaurantes concelhios aderentes (e identificados para o efeito), os concursos \u201cNatal \u00e9 no Com\u00e9rcio Tradicional\u201d e \u201cNatal \u00e0 Mesa\u201d. Quem usufruir de compras ou refei\u00e7\u00f5es nos espa\u00e7os aderentes, habilitar-se-\u00e1 ao sorteio de um total de 40 pr\u00e9mios.<\/p>\n<p>O Munic\u00edpio deseja a todos um excelente Natal em fam\u00edlia, com todos os cuidados poss\u00edveis em virtude da conjuntura, com votos de um feliz ano de 2022 a todas as fam\u00edlias do Concelho e aos demais visitantes.<\/p>\n<p><strong>\u00a0 \u00a0 \u00a0 Fonte: BF|SCRP|CMC<\/strong><\/p>\n","protected":false},"excerpt":{"rendered":"<p>A 1 de dezembro, quarta-feira, a vila do Cadaval volta a vestir-se de acordo com a quadra natal\u00edcia, com ilumina\u00e7\u00e3o e exposi\u00e7\u00e3o de esculturas alusivas, a par de um conjunto de atividades com destaque para anima\u00e7\u00e3o natal\u00edcia e mercado de Natal. Nesta quadra, decorrer\u00e3o ainda dois concursos, no com\u00e9rcio tradicional e nos restaurantes do Concelho [&hellip;]<\/p>\n","protected":false},"author":2,"featured_media":11406,"comment_status":"open","ping_status":"open","sticky":false,"template":"","format":"standard","meta":{"footnotes":""},"categories":[7],"tags":[],"class_list":["post-11403","post","type-post","status-publish","format-standard","has-post-thumbnail","hentry","category-economia"],"_links":{"self":[{"href":"https:\/\/tintafresca.net\/index.php\/wp-json\/wp\/v2\/posts\/11403","targetHints":{"allow":["GET"]}}],"collection":[{"href":"https:\/\/tintafresca.net\/index.php\/wp-json\/wp\/v2\/posts"}],"about":[{"href":"https:\/\/tintafresca.net\/index.php\/wp-json\/wp\/v2\/types\/post"}],"author":[{"embeddable":true,"href":"https:\/\/tintafresca.net\/index.php\/wp-json\/wp\/v2\/users\/2"}],"replies":[{"embeddable":true,"href":"https:\/\/tintafresca.net\/index.php\/wp-json\/wp\/v2\/comments?post=11403"}],"version-history":[{"count":6,"href":"https:\/\/tintafresca.net\/index.php\/wp-json\/wp\/v2\/posts\/11403\/revisions"}],"predecessor-version":[{"id":11411,"href":"https:\/\/tintafresca.net\/index.php\/wp-json\/wp\/v2\/posts\/11403\/revisions\/11411"}],"wp:featuredmedia":[{"embeddable":true,"href":"https:\/\/tintafresca.net\/index.php\/wp-json\/wp\/v2\/media\/11406"}],"wp:attachment":[{"href":"https:\/\/tintafresca.net\/index.php\/wp-json\/wp\/v2\/media?parent=11403"}],"wp:term":[{"taxonomy":"category","embeddable":true,"href":"https:\/\/tintafresca.net\/index.php\/wp-json\/wp\/v2\/categories?post=11403"},{"taxonomy":"post_tag","embeddable":true,"href":"https:\/\/tintafresca.net\/index.php\/wp-json\/wp\/v2\/tags?post=11403"}],"curies":[{"name":"wp","href":"https:\/\/api.w.org\/{rel}","templated":true}]}}