{"id":11418,"date":"2021-11-29T18:26:59","date_gmt":"2021-11-29T18:26:59","guid":{"rendered":"https:\/\/tintafresca.net\/?p=11418"},"modified":"2021-11-29T18:46:27","modified_gmt":"2021-11-29T18:46:27","slug":"comunidade-intermunicipal-da-regiao-de-leiria-apresenta-propostas-para-o-portugal-2030","status":"publish","type":"post","link":"https:\/\/tintafresca.net\/index.php\/2021\/11\/29\/comunidade-intermunicipal-da-regiao-de-leiria-apresenta-propostas-para-o-portugal-2030\/","title":{"rendered":"Comunidade Intermunicipal da Regi\u00e3o de Leiria apresenta propostas para o Portugal 2030"},"content":{"rendered":"<p><img loading=\"lazy\" decoding=\"async\" class=\"alignleft wp-image-11420 size-full\" src=\"https:\/\/tintafresca.net\/wp-content\/uploads\/2021\/11\/pt2030.png\" alt=\"\" width=\"500\" height=\"199\" srcset=\"https:\/\/tintafresca.net\/wp-content\/uploads\/2021\/11\/pt2030.png 500w, https:\/\/tintafresca.net\/wp-content\/uploads\/2021\/11\/pt2030-300x119.png 300w\" sizes=\"auto, (max-width: 500px) 100vw, 500px\" \/>A Comunidade Intermunicipal de Leiria (CIMRL) defendeu, em sede de consulta p\u00fablica da proposta de Acordo de Parceria &#8211; Portugal 2030 (PT 2030), a previs\u00e3o de financiamento a projetos estruturantes para a regi\u00e3o, com destaque para a amplia\u00e7\u00e3o e reequipamento do Centro Hospitalar de Leiria e para os trabalhos de requalifica\u00e7\u00e3o e seguran\u00e7a no IC2 e IC8, \u201cpela sua import\u00e2ncia estrat\u00e9gica para as popula\u00e7\u00f5es da regi\u00e3o, em \u00e1reas essenciais como a Sa\u00fade, Infraestruturas e Mobilidade\u201d.<\/p>\n<p>&nbsp;<\/p>\n<p>No documento remetido ao Governo, no \u00e2mbito da discuss\u00e3o p\u00fablica do PT 2030, os autarcas dos 10 munic\u00edpios da regi\u00e3o apresentaram os seus contributos tamb\u00e9m em dom\u00ednios estrat\u00e9gicos, como o Ambiente, com maior prioridade para o projeto de despolui\u00e7\u00e3o da rede hidrogr\u00e1fica do Lis, e consideram o projeto de moderniza\u00e7\u00e3o e eletrifica\u00e7\u00e3o da Linha do Oeste, entre Caldas da Rainha, Leiria e Coimbra, um objetivo nacional, enquadrado na estrat\u00e9gia de mobilidade sustent\u00e1vel e conforme o Programa Nacional de Investimentos 2030.<\/p>\n<p>Ao n\u00edvel das infraestruturas, os autarcas defendem ainda a constru\u00e7\u00e3o do n\u00f3 de liga\u00e7\u00e3o ao TGV e mant\u00eam a prioridade nacional da abertura da base a\u00e9rea de Monte Real \u00e0 avia\u00e7\u00e3o civil. No desafio da competitividade, os autarcas da Regi\u00e3o de Leiria inscrevem projetos inovadores, como o Centro de Neg\u00f3cios Digital de Leiria, a constru\u00e7\u00e3o do Centro Distrital de Forma\u00e7\u00e3o Profissional IEFP, a amplia\u00e7\u00e3o do Parque de Escolas do Polit\u00e9cnico de Leiria e ainda o desenvolvimento do Campus da Justi\u00e7a, nos terrenos da Pris\u00e3o Escola.<\/p>\n<p>Por fim, na dimens\u00e3o da \u201cInfraestrutura\u00e7\u00e3o e moderniza\u00e7\u00e3o tecnol\u00f3gica\u201d, foi proposto pelos autarcas o refor\u00e7o do investimento na expans\u00e3o das redes de banda larga \u2013 5G, \u201cabrangendo territ\u00f3rios de baixa densidade, de modo a colmatar a fraca conetividade digital em diversas zonas do pa\u00eds, em particular nas zonas rurais, que permanecem com n\u00edveis de acesso pouco adequados a servi\u00e7os digitais\u201d, pode ler-se no documento entregue.<\/p>\n<p>Tamb\u00e9m a cria\u00e7\u00e3o, amplia\u00e7\u00e3o e moderniza\u00e7\u00e3o das \u00e1reas de acolhimento empresarial, cujo valor inscrito no PRR, de apenas 110 milh\u00f5es de euros para todo o territ\u00f3rio nacional, \u00e9 considerado pelos autarcas \u201cmuito baixo\u201d, pelo que preconizam o \u201crefor\u00e7o de verbas no conjunto de instrumentos de apoio e com condi\u00e7\u00f5es de elegibilidade por parte dos munic\u00edpios e entidades intermunicipais\u201d.<\/p>\n<p>\u201cA CIM Regi\u00e3o de Leiria e os seus dez munic\u00edpios associados t\u00eam um total empenho em materializar, na d\u00e9cada que estamos a viver, a Estrat\u00e9gia Integrada de Desenvolvimento Territorial da Regi\u00e3o de Leiria \u201cque desenvolvemos com os Parceiros\u201d, referem os autarcas.<\/p>\n<p>Referem ainda que, dada a \u201cimport\u00e2ncia estrat\u00e9gica\u201d do PT 2030, que tem como objetivo definir a forma como vamos utilizar os Fundos Europeus nos pr\u00f3ximos anos (2021-2027), a CIM Regi\u00e3o de Leiria defende que \u00e9 \u201cum instrumento muito importante para materializar essa estrat\u00e9gia e para apoiar a recupera\u00e7\u00e3o social e econ\u00f3mica da Regi\u00e3o de Leiria. Descentraliza\u00e7\u00e3o, simplifica\u00e7\u00e3o e r\u00e1pida resposta das entidades da Administra\u00e7\u00e3o Central com parecer nas candidaturas s\u00e3o exig\u00eancias da CIMRL, para executar com maior efic\u00e1cia os fundos europeus.<\/p>\n<p>Recorde-se que o Portugal 2030 prev\u00ea cerca de 23 mil milh\u00f5es de euros, distribu\u00eddos pelos diferentes Fundos (Fundo Europeu de Desenvolvimento Regional, Fundo Social Europeu, Fundo de Coes\u00e3o, Fundo de Transi\u00e7\u00e3o Justa, etc.), a que acrescem a outros instrumentos, entre os quais se destaca o Plano de Recupera\u00e7\u00e3o e Resili\u00eancia (PRR).<\/p>\n<p><strong>\u00a0 \u00a0 Fonte: CIMRL<\/strong><\/p>\n","protected":false},"excerpt":{"rendered":"<p>A Comunidade Intermunicipal de Leiria (CIMRL) defendeu, em sede de consulta p\u00fablica da proposta de Acordo de Parceria &#8211; Portugal 2030 (PT 2030), a previs\u00e3o de financiamento a projetos estruturantes para a regi\u00e3o, com destaque para a amplia\u00e7\u00e3o e reequipamento do Centro Hospitalar de Leiria e para os trabalhos de requalifica\u00e7\u00e3o e seguran\u00e7a no IC2 [&hellip;]<\/p>\n","protected":false},"author":2,"featured_media":11421,"comment_status":"open","ping_status":"open","sticky":false,"template":"","format":"standard","meta":{"footnotes":""},"categories":[7],"tags":[],"class_list":["post-11418","post","type-post","status-publish","format-standard","has-post-thumbnail","hentry","category-economia"],"_links":{"self":[{"href":"https:\/\/tintafresca.net\/index.php\/wp-json\/wp\/v2\/posts\/11418","targetHints":{"allow":["GET"]}}],"collection":[{"href":"https:\/\/tintafresca.net\/index.php\/wp-json\/wp\/v2\/posts"}],"about":[{"href":"https:\/\/tintafresca.net\/index.php\/wp-json\/wp\/v2\/types\/post"}],"author":[{"embeddable":true,"href":"https:\/\/tintafresca.net\/index.php\/wp-json\/wp\/v2\/users\/2"}],"replies":[{"embeddable":true,"href":"https:\/\/tintafresca.net\/index.php\/wp-json\/wp\/v2\/comments?post=11418"}],"version-history":[{"count":3,"href":"https:\/\/tintafresca.net\/index.php\/wp-json\/wp\/v2\/posts\/11418\/revisions"}],"predecessor-version":[{"id":11423,"href":"https:\/\/tintafresca.net\/index.php\/wp-json\/wp\/v2\/posts\/11418\/revisions\/11423"}],"wp:featuredmedia":[{"embeddable":true,"href":"https:\/\/tintafresca.net\/index.php\/wp-json\/wp\/v2\/media\/11421"}],"wp:attachment":[{"href":"https:\/\/tintafresca.net\/index.php\/wp-json\/wp\/v2\/media?parent=11418"}],"wp:term":[{"taxonomy":"category","embeddable":true,"href":"https:\/\/tintafresca.net\/index.php\/wp-json\/wp\/v2\/categories?post=11418"},{"taxonomy":"post_tag","embeddable":true,"href":"https:\/\/tintafresca.net\/index.php\/wp-json\/wp\/v2\/tags?post=11418"}],"curies":[{"name":"wp","href":"https:\/\/api.w.org\/{rel}","templated":true}]}}