{"id":1148,"date":"2021-02-05T10:22:19","date_gmt":"2021-02-05T10:22:19","guid":{"rendered":"https:\/\/tintafresca.net\/?p=1148"},"modified":"2021-02-05T10:26:17","modified_gmt":"2021-02-05T10:26:17","slug":"parque-de-estacionamento-junto-ao-porto-da-nazare-vai-ter-mais-100-lugares-gratuitos-ja-este-verao","status":"publish","type":"post","link":"https:\/\/tintafresca.net\/index.php\/2021\/02\/05\/parque-de-estacionamento-junto-ao-porto-da-nazare-vai-ter-mais-100-lugares-gratuitos-ja-este-verao\/","title":{"rendered":"Parque de Estacionamento do Porto da Nazar\u00e9 vai ter mais 100 lugares gratuitos j\u00e1 este ver\u00e3o"},"content":{"rendered":"<div id=\"attachment_1150\" style=\"width: 510px\" class=\"wp-caption alignleft\"><img loading=\"lazy\" decoding=\"async\" aria-describedby=\"caption-attachment-1150\" class=\"wp-image-1150 size-full\" src=\"https:\/\/tintafresca.net\/wp-content\/uploads\/2021\/02\/Nazare_estacionamento10.jpg\" alt=\"\" width=\"500\" height=\"333\" \/><p id=\"caption-attachment-1150\" class=\"wp-caption-text\">Parque de Estacionamento do Porto da Nazar\u00e9<\/p><\/div>\n<p>Come\u00e7aram no in\u00edcio de fevereiro as obras de reabilita\u00e7\u00e3o de um dos maiores espa\u00e7os de estacionamento gratuito nas proximidades da praia da vila da Nazar\u00e9 que, por altura do ver\u00e3o, estar\u00e1 funcional, ordenado e com mais 100 lugares face \u00e0 capacidade atual.<\/p>\n<p>A opera\u00e7\u00e3o de Reabilita\u00e7\u00e3o do Parque de Estacionamento junto ao Porto da Nazar\u00e9, promovida pelo Munic\u00edpio, \u00e9 um investimento enquadrado no Plano Estrat\u00e9gico de Desenvolvimento Urbano (PEDU).<\/p>\n<p>O estado de conserva\u00e7\u00e3o, a ocupa\u00e7\u00e3o e uso do espa\u00e7o p\u00fablico, a necessidade de responder a uma elevada procura por estacionamento; a press\u00e3o sobre um espa\u00e7o p\u00fablico, em grande parte desqualificado; os problemas de mobilidade e de acessibilidade foram alguns dos problemas identificados ao local e com urg\u00eancia de resolu\u00e7\u00e3o.<\/p>\n<p>A oportunidade de estruturar e qualificar aquele espa\u00e7o p\u00fablico, para a viv\u00eancia urbana de residentes e visitantes, aumentado a qualidade dos espa\u00e7os p\u00fablicos, revitalizando fun\u00e7\u00f5es sociais, culturais, econ\u00f3micas e ambientais surge, agora, com a comparticipa\u00e7\u00e3o financeira da Uni\u00e3o Europeia, no \u00e2mbito do Portugal 2020.<\/p>\n<p>\u201cEsta opera\u00e7\u00e3o responder\u00e1 de forma qualificada e integrada \u00e0s necessidades atuais e futuras da popula\u00e7\u00e3o abrangida, pela melhoria da oferta existente, promovendo o desenvolvimento sustent\u00e1vel, o refor\u00e7o da acessibilidade, a equidade e a coes\u00e3o social, atendendo \u00e0 realidade demogr\u00e1fica e din\u00e2micas econ\u00f3micas\u201d, refere o presidente da C\u00e2mara da Nazar\u00e9, Walter Chicharro.<\/p>\n<p><strong>\u00a0 \u00a0Fonte: SM|GCI|CMN<\/strong><\/p>\n","protected":false},"excerpt":{"rendered":"<p>Come\u00e7aram no in\u00edcio de fevereiro as obras de reabilita\u00e7\u00e3o de um dos maiores espa\u00e7os de estacionamento gratuito nas proximidades da praia da vila da Nazar\u00e9 que, por altura do ver\u00e3o, estar\u00e1 funcional, ordenado e com mais 100 lugares face \u00e0 capacidade atual. A opera\u00e7\u00e3o de Reabilita\u00e7\u00e3o do Parque de Estacionamento junto ao Porto da Nazar\u00e9, [&hellip;]<\/p>\n","protected":false},"author":2,"featured_media":1153,"comment_status":"open","ping_status":"open","sticky":false,"template":"","format":"standard","meta":{"footnotes":""},"categories":[6],"tags":[],"class_list":["post-1148","post","type-post","status-publish","format-standard","has-post-thumbnail","hentry","category-saude"],"_links":{"self":[{"href":"https:\/\/tintafresca.net\/index.php\/wp-json\/wp\/v2\/posts\/1148","targetHints":{"allow":["GET"]}}],"collection":[{"href":"https:\/\/tintafresca.net\/index.php\/wp-json\/wp\/v2\/posts"}],"about":[{"href":"https:\/\/tintafresca.net\/index.php\/wp-json\/wp\/v2\/types\/post"}],"author":[{"embeddable":true,"href":"https:\/\/tintafresca.net\/index.php\/wp-json\/wp\/v2\/users\/2"}],"replies":[{"embeddable":true,"href":"https:\/\/tintafresca.net\/index.php\/wp-json\/wp\/v2\/comments?post=1148"}],"version-history":[{"count":5,"href":"https:\/\/tintafresca.net\/index.php\/wp-json\/wp\/v2\/posts\/1148\/revisions"}],"predecessor-version":[{"id":1156,"href":"https:\/\/tintafresca.net\/index.php\/wp-json\/wp\/v2\/posts\/1148\/revisions\/1156"}],"wp:featuredmedia":[{"embeddable":true,"href":"https:\/\/tintafresca.net\/index.php\/wp-json\/wp\/v2\/media\/1153"}],"wp:attachment":[{"href":"https:\/\/tintafresca.net\/index.php\/wp-json\/wp\/v2\/media?parent=1148"}],"wp:term":[{"taxonomy":"category","embeddable":true,"href":"https:\/\/tintafresca.net\/index.php\/wp-json\/wp\/v2\/categories?post=1148"},{"taxonomy":"post_tag","embeddable":true,"href":"https:\/\/tintafresca.net\/index.php\/wp-json\/wp\/v2\/tags?post=1148"}],"curies":[{"name":"wp","href":"https:\/\/api.w.org\/{rel}","templated":true}]}}