{"id":11562,"date":"2021-12-04T12:29:53","date_gmt":"2021-12-04T12:29:53","guid":{"rendered":"https:\/\/tintafresca.net\/?p=11562"},"modified":"2021-12-04T12:32:35","modified_gmt":"2021-12-04T12:32:35","slug":"camara-de-leiria-mantem-taxas-de-derrama-imi-e-irs-para-2022","status":"publish","type":"post","link":"https:\/\/tintafresca.net\/index.php\/2021\/12\/04\/camara-de-leiria-mantem-taxas-de-derrama-imi-e-irs-para-2022\/","title":{"rendered":"C\u00e2mara de Leiria mant\u00e9m taxas de derrama, IMI e IRS para 2022"},"content":{"rendered":"<div id=\"attachment_10489\" style=\"width: 510px\" class=\"wp-caption alignleft\"><img loading=\"lazy\" decoding=\"async\" aria-describedby=\"caption-attachment-10489\" class=\"wp-image-10489 size-full\" src=\"https:\/\/tintafresca.net\/wp-content\/uploads\/2021\/11\/Leiria_Camara.jpg\" alt=\"\" width=\"500\" height=\"666\" srcset=\"https:\/\/tintafresca.net\/wp-content\/uploads\/2021\/11\/Leiria_Camara.jpg 500w, https:\/\/tintafresca.net\/wp-content\/uploads\/2021\/11\/Leiria_Camara-225x300.jpg 225w\" sizes=\"auto, (max-width: 500px) 100vw, 500px\" \/><p id=\"caption-attachment-10489\" class=\"wp-caption-text\">Pa\u00e7os do Concelho de Leiria<\/p><\/div>\n<p>A C\u00e2mara Municipal de Leiria aprovou, na reuni\u00e3o do dia 30 de novembro, a manuten\u00e7\u00e3o, para o pr\u00f3ximo ano, da taxa do Imposto sobre Im\u00f3veis (IMI), de 0,3 por cento, da derrama nos 1,5 por cento e dos 5 por cento do Imposto Sobre Rendimento de Pessoas Singulares (IRS).<\/p>\n<p>Desde 2018 que a taxa do IMI se mant\u00e9m no valor m\u00ednimo legal, existindo ainda a possibilidade de minora\u00e7\u00e3o no caso de im\u00f3veis em \u00c1reas de Reabilita\u00e7\u00e3o Urbana (ARU) e de majora\u00e7\u00e3o para os pr\u00e9dios urbanos degradados nestas mesmas \u00e1reas.<\/p>\n<p>O Regulamento de Apoio ao Investimento e \u00e0 Cria\u00e7\u00e3o de Emprego no concelho de Leiria prev\u00ea tamb\u00e9m isen\u00e7\u00f5es totais e parciais ao n\u00edvel do IMI e, ao n\u00edvel da derrama (imposto sobre o lucro tribut\u00e1vel das pessoas coletivas), taxa que se fixar\u00e1 nos 1,5 por cento, \u00e0 semelhan\u00e7a de 2021, o mesmo diploma contempla as empresas que cumpram um dos seguintes crit\u00e9rios: volume de neg\u00f3cios igual ou inferior a 150 mil euros ou volume de neg\u00f3cios superior \u00e0quele valor, com sede no concelho e que, no \u00faltimo ano econ\u00f3mico, tenham criado um m\u00ednimo de tr\u00eas postos de trabalho.<\/p>\n<p>A participa\u00e7\u00e3o vari\u00e1vel do Munic\u00edpio de Leiria no IRS dos sujeitos passivos cujo domic\u00edlio fiscal seja na circunscri\u00e7\u00e3o territorial do concelho ser\u00e1, em 2022, de 5 por cento.<\/p>\n<p>As taxas tiveram os votos favor\u00e1veis dos vereadores do PS, tendo os vereadores do PSD votado a favor no caso do IMI e contra no caso do IRS e da derrama.<\/p>\n<p><strong> \u00a0Fonte: GRPG|CML<\/strong><\/p>\n","protected":false},"excerpt":{"rendered":"<p>A C\u00e2mara Municipal de Leiria aprovou, na reuni\u00e3o do dia 30 de novembro, a manuten\u00e7\u00e3o, para o pr\u00f3ximo ano, da taxa do Imposto sobre Im\u00f3veis (IMI), de 0,3 por cento, da derrama nos 1,5 por cento e dos 5 por cento do Imposto Sobre Rendimento de Pessoas Singulares (IRS). Desde 2018 que a taxa do [&hellip;]<\/p>\n","protected":false},"author":2,"featured_media":10490,"comment_status":"open","ping_status":"open","sticky":false,"template":"","format":"standard","meta":{"footnotes":""},"categories":[7],"tags":[],"class_list":["post-11562","post","type-post","status-publish","format-standard","has-post-thumbnail","hentry","category-economia"],"_links":{"self":[{"href":"https:\/\/tintafresca.net\/index.php\/wp-json\/wp\/v2\/posts\/11562","targetHints":{"allow":["GET"]}}],"collection":[{"href":"https:\/\/tintafresca.net\/index.php\/wp-json\/wp\/v2\/posts"}],"about":[{"href":"https:\/\/tintafresca.net\/index.php\/wp-json\/wp\/v2\/types\/post"}],"author":[{"embeddable":true,"href":"https:\/\/tintafresca.net\/index.php\/wp-json\/wp\/v2\/users\/2"}],"replies":[{"embeddable":true,"href":"https:\/\/tintafresca.net\/index.php\/wp-json\/wp\/v2\/comments?post=11562"}],"version-history":[{"count":2,"href":"https:\/\/tintafresca.net\/index.php\/wp-json\/wp\/v2\/posts\/11562\/revisions"}],"predecessor-version":[{"id":11564,"href":"https:\/\/tintafresca.net\/index.php\/wp-json\/wp\/v2\/posts\/11562\/revisions\/11564"}],"wp:featuredmedia":[{"embeddable":true,"href":"https:\/\/tintafresca.net\/index.php\/wp-json\/wp\/v2\/media\/10490"}],"wp:attachment":[{"href":"https:\/\/tintafresca.net\/index.php\/wp-json\/wp\/v2\/media?parent=11562"}],"wp:term":[{"taxonomy":"category","embeddable":true,"href":"https:\/\/tintafresca.net\/index.php\/wp-json\/wp\/v2\/categories?post=11562"},{"taxonomy":"post_tag","embeddable":true,"href":"https:\/\/tintafresca.net\/index.php\/wp-json\/wp\/v2\/tags?post=11562"}],"curies":[{"name":"wp","href":"https:\/\/api.w.org\/{rel}","templated":true}]}}