{"id":11565,"date":"2021-12-04T18:08:58","date_gmt":"2021-12-04T18:08:58","guid":{"rendered":"https:\/\/tintafresca.net\/?p=11565"},"modified":"2021-12-04T18:08:58","modified_gmt":"2021-12-04T18:08:58","slug":"cnema-recebe-avisan-exposicao-nacional-de-aves-animais-de-companhia-equipamentos-e-acessorios","status":"publish","type":"post","link":"https:\/\/tintafresca.net\/index.php\/2021\/12\/04\/cnema-recebe-avisan-exposicao-nacional-de-aves-animais-de-companhia-equipamentos-e-acessorios\/","title":{"rendered":"CNEMA recebe Avisan \u2013 Exposi\u00e7\u00e3o Nacional de Aves, Animais de Companhia, Equipamentos e Acess\u00f3rios"},"content":{"rendered":"<div id=\"attachment_11567\" style=\"width: 426px\" class=\"wp-caption alignleft\"><img loading=\"lazy\" decoding=\"async\" aria-describedby=\"caption-attachment-11567\" class=\"wp-image-11567 size-full\" src=\"https:\/\/tintafresca.net\/wp-content\/uploads\/2021\/12\/Santarem_AVISAN.png\" alt=\"\" width=\"416\" height=\"415\" srcset=\"https:\/\/tintafresca.net\/wp-content\/uploads\/2021\/12\/Santarem_AVISAN.png 416w, https:\/\/tintafresca.net\/wp-content\/uploads\/2021\/12\/Santarem_AVISAN-300x300.png 300w, https:\/\/tintafresca.net\/wp-content\/uploads\/2021\/12\/Santarem_AVISAN-150x150.png 150w\" sizes=\"auto, (max-width: 416px) 100vw, 416px\" \/><p id=\"caption-attachment-11567\" class=\"wp-caption-text\">Cartaz<\/p><\/div>\n<p>A Avisan \u2013 Exposi\u00e7\u00e3o Nacional de Aves, Animais de Companhia, Equipamentos e Acess\u00f3rios, certame que decorre no Centro Nacional de Exposi\u00e7\u00f5es, em Santar\u00e9m, come\u00e7a na sexta \u2013 feira, 3 de dezembro, e prolonga-se at\u00e9 domingo, 5 de dezembro.<\/p>\n<p>A mostra comercial de Equipamentos e Acess\u00f3rios, as exposi\u00e7\u00f5es de aves, os animais dom\u00e9sticos e ex\u00f3ticos, os r\u00e9pteis, os peixes, os gatos, os c\u00e3es e as diversas iniciativas que aqui decorrem permitir\u00e3o, decerto, atrair os profissionais do sector al\u00e9m do p\u00fablico em geral. Durante tr\u00eas dias, todos estes companheiros de 4 e mais patas, com as suas cores m\u00faltiplas ou formas exc\u00eantricas, ir\u00e3o deliciar todos aqueles que visitarem o evento.<\/p>\n<p>PROGRAMA<\/p>\n<p>Com a presen\u00e7a de criadores nacionais e internacionais, a Avisan \u00e9 um ponto de encontro de milhares de visitantes e contar\u00e1 com uma programa\u00e7\u00e3o diversificada para que este evento seja atrativo e representativo do sector.<\/p>\n<p>3 a 5 DEZEMBRO<\/p>\n<p>\uf0b7 Show Misto de Araras, R\u00e9pteis e Aves de Rapina &#8211; Org. Aquashow<\/p>\n<p>\uf0b7 Show de Araras &#8211; Org. FBA<\/p>\n<p>\uf0b7 10\u00aa Expoalcac &#8211; 6\u00ba Concurso\/Exposi\u00e7\u00e3o de Galinhas de Santar\u00e9m &#8211; Org. ALCAC &#8211; Ass. Lusa de Criadores de Aves de Capoeira<\/p>\n<p>\uf0b7 5\u00aa Exposi\u00e7\u00e3o de Columbicultura &#8211; Pombos de Fantasia &#8211; Org. Associa\u00e7\u00e3o Portuguesa de Columbicultura<\/p>\n<p>\uf0b7 Exposi\u00e7\u00e3o Fotogr\u00e1fica \u201cAves do Ribatejo\u201d (Jos\u00e9 Freitas)<\/p>\n<p>\uf0b7 Passeios a Cavalo (Org. Picadeiro Quinta de S\u00e3o Jos\u00e9)<\/p>\n<p>4 e 5 DEZEMBRO<\/p>\n<p>\uf0b7 10\u00aa Exposi\u00e7\u00e3o Internacional de Gatos de Santar\u00e9m &#8211; Org. Clube Portugu\u00eas de Felinicultura<\/p>\n<p>\uf0b7 19\u00aa Exposi\u00e7\u00e3o Nacional do Gloster &#8211; Org. Gloster Clube de Portugal<\/p>\n<p>4 DEZEMBRO<\/p>\n<p>\uf0b7 27\u00aa Exposi\u00e7\u00e3o Canina Nacional de Santar\u00e9m &#8211; Org. Clube Portugu\u00eas de Canicultura<\/p>\n<p>\uf0b7 53\u00ba Concurso Nacional de Porquinhos da \u00cdndia &#8211; Org. CAPI &#8211; Clube de Amigos dos Porquinhos da \u00cdndia<\/p>\n<p>5 DEZEMBRO<\/p>\n<p>\uf0b7 21\u00aa Exposi\u00e7\u00e3o Canina Internacional de Santar\u00e9m &#8211; Org. Clube Portugu\u00eas de Canicultura<\/p>\n<p>\uf0b7 2\u00aa Exposi\u00e7\u00e3o Nacional da Associa\u00e7\u00e3o Portuguesa de Porquinhos da \u00cdndia \u2013 \u00a0Org. &#8211; APRPI &#8211; Associa\u00e7\u00e3o Portuguesa de Porquinhos da \u00cdndia<\/p>\n<p>21\u00aa Exposi\u00e7\u00e3o Canina Internacional e 27\u00aa Exposi\u00e7\u00e3o Canina Nacional<\/p>\n<p>A 26\u00aa Exposi\u00e7\u00e3o Canina Nacional de Santar\u00e9m e a 21\u00aa Exposi\u00e7\u00e3o Canina Internacional de Santar\u00e9m decorrem a 4 e 5 de dezembro, respetivamente.<\/p>\n<p>Estas iniciativas que contam com a dire\u00e7\u00e3o t\u00e9cnica do Clube Portugu\u00eas de Canicultura, s\u00e3o regidas pelos regulamentos da F\u00e9d\u00e9ration Cynologique Internationale e do Clube Portugu\u00eas de Canicultura.<\/p>\n<p>10\u00aa Exposi\u00e7\u00e3o Internacional de Gatos de Santar\u00e9m<\/p>\n<p>A 10\u00aa Exposi\u00e7\u00e3o Internacional de Gatos de Santar\u00e9m realiza-se a 4 e 5 de dezembro e \u00e9 organizada pelo Clube Portugu\u00eas de Felinicultura, \u00fanico \u00f3rg\u00e3o reconhecido oficialmente em Portugal, detentor do Livro de Origens Portugu\u00eas e membro da Federa\u00e7\u00e3o Internacional Felina \u2013 FIFe, maior \u00f3rg\u00e3o Felino a n\u00edvel mundial.<\/p>\n<p>Durante tr\u00eas dias, a Avisan n\u00e3o deixar\u00e1 de cativar todos os que se interessam por este mercado. A mostra comercial, os milhares de aves de pequeno e grande porte, os r\u00e9pteis, os c\u00e3es e gatos de diversas ra\u00e7as, os peixes de v\u00e1rias esp\u00e9cies e outros animais de companhia s\u00e3o a certeza de um tempo bem passado na companhia de muitos amigos.<\/p>\n<p>Este certame \u00e9 o local ideal para a apresenta\u00e7\u00e3o de ideias inovadoras, novos produtos e de v\u00e1rios servi\u00e7os relacionados com este mercado junto de potenciais clientes com o intuito de concretizar bons neg\u00f3cios.<\/p>\n<p>A Avisan realiza-se de acordo com as normas e recomenda\u00e7\u00f5es da Dire\u00e7\u00e3o Geral de Sa\u00fade.<\/p>\n<p>Os participantes e p\u00fablico devem apresentar resultado negativo ao SARS-CoV-2 (N\u00e3o aplic\u00e1vel a crian\u00e7as at\u00e9 aos 12 anos).<\/p>\n<p>Os testes poss\u00edveis s\u00e3o:<\/p>\n<ol>\n<li>Teste r\u00e1pido de antig\u00e9nio (TRAg), realizado 48h antes do in\u00edcio do evento; ou<br \/>\n2. Teste r\u00e1pido de antig\u00e9nio na modalidade de autoteste (colheita nasal), no pr\u00f3prio dia e no local do evento e sob supervis\u00e3o de um profissional de sa\u00fade; ou<\/li>\n<li>Teste de amplifica\u00e7\u00e3o de \u00e1cidos nucleicos (TAAN), tais como RT-PCR, RT[1]PCR em tempo real ou teste molecular r\u00e1pido, at\u00e9 72h antes do evento.<\/li>\n<\/ol>\n<p>Nota: O CNEMA n\u00e3o garante o fornecimento de auto-testes. Os auto[1]testes ficam a cargo dos participantes e do p\u00fablico. (O autoteste no local ser\u00e1 sim feito sob supervis\u00e3o de um profissional de sa\u00fade)<\/p>\n<p>HOR\u00c1RIOS<\/p>\n<p>Todos os dias: 10h00 \u00e0s 20h00<\/p>\n<p>ENTRADAS<\/p>\n<p>Bilhete: 4,00 \u20ac (V\u00e1lido para apenas uma entrada)<\/p>\n<p>Entrada gratuita para crian\u00e7as at\u00e9 aos 11 anos<\/p>\n<p>BILHETEIRA ONLINE: https:\/\/www.ticket.cnema.pt\/WTCNEMA\/main.do<\/p>\n<p>PARQUE DE ESTACIONAMENTO: Gratuito<\/p>\n<p>NOTA: N\u00e3o \u00e9 permitida a Entrada de Animais Extra \u2013 Concursos<\/p>\n","protected":false},"excerpt":{"rendered":"<p>A Avisan \u2013 Exposi\u00e7\u00e3o Nacional de Aves, Animais de Companhia, Equipamentos e Acess\u00f3rios, certame que decorre no Centro Nacional de Exposi\u00e7\u00f5es, em Santar\u00e9m, come\u00e7a na sexta \u2013 feira, 3 de dezembro, e prolonga-se at\u00e9 domingo, 5 de dezembro. A mostra comercial de Equipamentos e Acess\u00f3rios, as exposi\u00e7\u00f5es de aves, os animais dom\u00e9sticos e ex\u00f3ticos, os [&hellip;]<\/p>\n","protected":false},"author":2,"featured_media":11568,"comment_status":"open","ping_status":"open","sticky":false,"template":"","format":"standard","meta":{"footnotes":""},"categories":[7],"tags":[],"class_list":["post-11565","post","type-post","status-publish","format-standard","has-post-thumbnail","hentry","category-economia"],"_links":{"self":[{"href":"https:\/\/tintafresca.net\/index.php\/wp-json\/wp\/v2\/posts\/11565","targetHints":{"allow":["GET"]}}],"collection":[{"href":"https:\/\/tintafresca.net\/index.php\/wp-json\/wp\/v2\/posts"}],"about":[{"href":"https:\/\/tintafresca.net\/index.php\/wp-json\/wp\/v2\/types\/post"}],"author":[{"embeddable":true,"href":"https:\/\/tintafresca.net\/index.php\/wp-json\/wp\/v2\/users\/2"}],"replies":[{"embeddable":true,"href":"https:\/\/tintafresca.net\/index.php\/wp-json\/wp\/v2\/comments?post=11565"}],"version-history":[{"count":2,"href":"https:\/\/tintafresca.net\/index.php\/wp-json\/wp\/v2\/posts\/11565\/revisions"}],"predecessor-version":[{"id":11569,"href":"https:\/\/tintafresca.net\/index.php\/wp-json\/wp\/v2\/posts\/11565\/revisions\/11569"}],"wp:featuredmedia":[{"embeddable":true,"href":"https:\/\/tintafresca.net\/index.php\/wp-json\/wp\/v2\/media\/11568"}],"wp:attachment":[{"href":"https:\/\/tintafresca.net\/index.php\/wp-json\/wp\/v2\/media?parent=11565"}],"wp:term":[{"taxonomy":"category","embeddable":true,"href":"https:\/\/tintafresca.net\/index.php\/wp-json\/wp\/v2\/categories?post=11565"},{"taxonomy":"post_tag","embeddable":true,"href":"https:\/\/tintafresca.net\/index.php\/wp-json\/wp\/v2\/tags?post=11565"}],"curies":[{"name":"wp","href":"https:\/\/api.w.org\/{rel}","templated":true}]}}