{"id":1157,"date":"2021-02-05T10:58:09","date_gmt":"2021-02-05T10:58:09","guid":{"rendered":"https:\/\/tintafresca.net\/?p=1157"},"modified":"2021-02-05T11:08:12","modified_gmt":"2021-02-05T11:08:12","slug":"mais-de-300-empresas-apresentam-candidatura-a-fundo-de-apoio-economico-do-municipio-de-leiria","status":"publish","type":"post","link":"https:\/\/tintafresca.net\/index.php\/2021\/02\/05\/mais-de-300-empresas-apresentam-candidatura-a-fundo-de-apoio-economico-do-municipio-de-leiria\/","title":{"rendered":"Mais de 300 empresas apresentam candidatura a fundo de apoio econ\u00f3mico do Munic\u00edpio de Leiria"},"content":{"rendered":"<div id=\"attachment_531\" style=\"width: 260px\" class=\"wp-caption alignleft\"><img loading=\"lazy\" decoding=\"async\" aria-describedby=\"caption-attachment-531\" class=\"wp-image-531 size-full\" src=\"https:\/\/tintafresca.net\/wp-content\/uploads\/2021\/01\/Leiria_Camara10.jpg\" alt=\"\" width=\"250\" height=\"333\" srcset=\"https:\/\/tintafresca.net\/wp-content\/uploads\/2021\/01\/Leiria_Camara10.jpg 250w, https:\/\/tintafresca.net\/wp-content\/uploads\/2021\/01\/Leiria_Camara10-225x300.jpg 225w\" sizes=\"auto, (max-width: 250px) 100vw, 250px\" \/><p id=\"caption-attachment-531\" class=\"wp-caption-text\">Pa\u00e7os do Concelho de Leiria<\/p><\/div>\n<p>O Munic\u00edpio de Leiria recebeu 303 candidaturas ao Fundo de Emerg\u00eancia Municipal de Apoio Comercial e Empresarial criado com o objetivo de conceder apoios financeiros \u00e0s empresas para a recupera\u00e7\u00e3o da atividade, a manuten\u00e7\u00e3o dos postos de trabalho e o refor\u00e7o da capacidade de resposta \u00e0 situa\u00e7\u00e3o de crise.<\/p>\n<p>Neste momento, as candidaturas est\u00e3o a ser analisadas pelos servi\u00e7os do Munic\u00edpio, sendo que a totalidade das candidaturas, em caso de aprova\u00e7\u00e3o, representaria um montante de apoio na ordem dos 630 mil euros, o que levou a um aumento da verba dispon\u00edvel no fundo, que era inicialmente de 375mil euros.<\/p>\n<p>As candidaturas aprovadas para as quais n\u00e3o exista dota\u00e7\u00e3o financeira, ser\u00e3o integradas na segunda fase do programa que se prev\u00ea iniciar ainda no m\u00eas de fevereiro, e que vai contemplar tamb\u00e9m empresas ligadas \u00e0s atividades tur\u00edsticas e culturais, duas \u00e1reas especialmente afetadas pela crise resultante da situa\u00e7\u00e3o pand\u00e9mica.<\/p>\n<p>Nesta primeira fase, verificou-se uma predomin\u00e2ncia de candidaturas de empresas ligadas \u00e0s \u00e1reas do retalho e restaura\u00e7\u00e3o.<\/p>\n<p>\u201cEste elevado n\u00famero de candidaturas superou grandemente as nossas expectativas mas confirmou que, efetivamente, o fundo de emerg\u00eancia \u00e9 uma medida urgente e necess\u00e1ria para fazer face aos enormes impactos que a nossa economia local neste momento sofre com a crise pand\u00e9mica\u201d, destaca Catarina Louro, vereadora do Desenvolvimento Econ\u00f3mico do Munic\u00edpio de Leiria, real\u00e7ando que vai ser efetuado um refor\u00e7o do or\u00e7amento e aberta uma segunda fase, incluindo todas as candidaturas eleg\u00edveis que n\u00e3o sejam aprovadas por falta de dota\u00e7\u00e3o.<\/p>\n<p>\u201cEstamos a falar de quebras de fatura\u00e7\u00e3o, no total, superiores a 15 milh\u00f5es de euros, pelo que paralelamente vamos continuar a desenvolver iniciativas de apoio e incentivo ao consumo junto dos setores mais afetados\u201d, acrescenta.<\/p>\n<p>Recorde-se que este Fundo foi criado pelo Munic\u00edpio de Leiria face \u00e0 atual conjuntura provocada pela pandemia por Covid-19, com o objetivo de apoiar a economia local, tendo sido aprovado, em reuni\u00e3o de C\u00e2mara de 9 de dezembro, um conjunto de medidas extraordin\u00e1rias que t\u00eam como destinat\u00e1rios o tecido empresarial e Com\u00e9rcio do Concelho.<\/p>\n<p>Fonte: GRPGG|CML<\/p>\n","protected":false},"excerpt":{"rendered":"<p>O Munic\u00edpio de Leiria recebeu 303 candidaturas ao Fundo de Emerg\u00eancia Municipal de Apoio Comercial e Empresarial criado com o objetivo de conceder apoios financeiros \u00e0s empresas para a recupera\u00e7\u00e3o da atividade, a manuten\u00e7\u00e3o dos postos de trabalho e o refor\u00e7o da capacidade de resposta \u00e0 situa\u00e7\u00e3o de crise. Neste momento, as candidaturas est\u00e3o a [&hellip;]<\/p>\n","protected":false},"author":2,"featured_media":531,"comment_status":"open","ping_status":"open","sticky":false,"template":"","format":"standard","meta":{"footnotes":""},"categories":[7],"tags":[],"class_list":["post-1157","post","type-post","status-publish","format-standard","has-post-thumbnail","hentry","category-economia"],"_links":{"self":[{"href":"https:\/\/tintafresca.net\/index.php\/wp-json\/wp\/v2\/posts\/1157","targetHints":{"allow":["GET"]}}],"collection":[{"href":"https:\/\/tintafresca.net\/index.php\/wp-json\/wp\/v2\/posts"}],"about":[{"href":"https:\/\/tintafresca.net\/index.php\/wp-json\/wp\/v2\/types\/post"}],"author":[{"embeddable":true,"href":"https:\/\/tintafresca.net\/index.php\/wp-json\/wp\/v2\/users\/2"}],"replies":[{"embeddable":true,"href":"https:\/\/tintafresca.net\/index.php\/wp-json\/wp\/v2\/comments?post=1157"}],"version-history":[{"count":6,"href":"https:\/\/tintafresca.net\/index.php\/wp-json\/wp\/v2\/posts\/1157\/revisions"}],"predecessor-version":[{"id":1163,"href":"https:\/\/tintafresca.net\/index.php\/wp-json\/wp\/v2\/posts\/1157\/revisions\/1163"}],"wp:featuredmedia":[{"embeddable":true,"href":"https:\/\/tintafresca.net\/index.php\/wp-json\/wp\/v2\/media\/531"}],"wp:attachment":[{"href":"https:\/\/tintafresca.net\/index.php\/wp-json\/wp\/v2\/media?parent=1157"}],"wp:term":[{"taxonomy":"category","embeddable":true,"href":"https:\/\/tintafresca.net\/index.php\/wp-json\/wp\/v2\/categories?post=1157"},{"taxonomy":"post_tag","embeddable":true,"href":"https:\/\/tintafresca.net\/index.php\/wp-json\/wp\/v2\/tags?post=1157"}],"curies":[{"name":"wp","href":"https:\/\/api.w.org\/{rel}","templated":true}]}}