{"id":11589,"date":"2021-12-05T14:26:59","date_gmt":"2021-12-05T14:26:59","guid":{"rendered":"https:\/\/tintafresca.net\/?p=11589"},"modified":"2021-12-05T14:32:14","modified_gmt":"2021-12-05T14:32:14","slug":"ministra-da-agricultura-participa-em-conferencia-sobre-o-impacto-da-pac-no-combate-as-alteracoes-climaticas","status":"publish","type":"post","link":"https:\/\/tintafresca.net\/index.php\/2021\/12\/05\/ministra-da-agricultura-participa-em-conferencia-sobre-o-impacto-da-pac-no-combate-as-alteracoes-climaticas\/","title":{"rendered":"Ministra da Agricultura participa em confer\u00eancia sobre o impacto da PAC no combate \u00e0s altera\u00e7\u00f5es clim\u00e1ticas"},"content":{"rendered":"<div id=\"attachment_11592\" style=\"width: 510px\" class=\"wp-caption alignleft\"><img loading=\"lazy\" decoding=\"async\" aria-describedby=\"caption-attachment-11592\" class=\"wp-image-11592 size-full\" src=\"https:\/\/tintafresca.net\/wp-content\/uploads\/2021\/12\/Cadaval_Ministra-Maria-do-Ceu-Antunes10.jpg\" alt=\"\" width=\"500\" height=\"333\" srcset=\"https:\/\/tintafresca.net\/wp-content\/uploads\/2021\/12\/Cadaval_Ministra-Maria-do-Ceu-Antunes10.jpg 500w, https:\/\/tintafresca.net\/wp-content\/uploads\/2021\/12\/Cadaval_Ministra-Maria-do-Ceu-Antunes10-300x200.jpg 300w\" sizes=\"auto, (max-width: 500px) 100vw, 500px\" \/><p id=\"caption-attachment-11592\" class=\"wp-caption-text\">Maria do C\u00e9u Albuquerque<\/p><\/div>\n<p>A ministra da Agricultura, Maria do C\u00e9u Antunes, participa, esta segunda-feira, dia 6 de dezembro, na Confer\u00eancia sobre o Futuro da Europa, dedicada ao tema \u201cUma economia que beneficie os cidad\u00e3os: a pol\u00edtica agr\u00edcola e a luta contra as altera\u00e7\u00f5es clim\u00e1ticas\u201d, que decorre em Santar\u00e9m. Antes, a governante faz uma visita a Alpiar\u00e7a para acompanhar a colheita, o embalamento e despacho de produtos hort\u00edcolas. A ministra da Agricultura seguir\u00e1 depois para a empresa VGT Portugal, onde ser\u00e1 assinada a adenda ao contrato de arrendamento rural com a Cooperativa Agr\u00edcola de Produ\u00e7\u00e3o Mouch\u00e3o do Ingl\u00eas.<\/p>\n<p><strong>Programa<\/strong><\/p>\n<p>10h30<br \/>\nVisita ao Moch\u00e3o do Ingl\u00eas<br \/>\nAlpiar\u00e7a<\/p>\n<p>11h30<br \/>\nVisita \u00e0 VGT Portugal, Lda<br \/>\nZona Industrial de Alpiar\u00e7a, Rua F, Lote 128<br \/>\n2090-242 Alpiar\u00e7a<\/p>\n<p>15 h<br \/>\nConfer\u00eancia sobre o Futuro da Europa<br \/>\n\u201cUma economia que beneficie os cidad\u00e3os: a pol\u00edtica agr\u00edcola e a luta contra as altera\u00e7\u00f5es clim\u00e1ticas\u201d<br \/>\nEscola Superior de Sa\u00fade de Santar\u00e9m<br \/>\nQuinta do Mergulh\u00e3o Sr\u00aa da Guia | 2005-075 Santar\u00e9m<\/p>\n<p><strong>\u00a0 \u00a0Fonte: GC|CA<\/strong><\/p>\n","protected":false},"excerpt":{"rendered":"<p>A ministra da Agricultura, Maria do C\u00e9u Antunes, participa, esta segunda-feira, dia 6 de dezembro, na Confer\u00eancia sobre o Futuro da Europa, dedicada ao tema \u201cUma economia que beneficie os cidad\u00e3os: a pol\u00edtica agr\u00edcola e a luta contra as altera\u00e7\u00f5es clim\u00e1ticas\u201d, que decorre em Santar\u00e9m. Antes, a governante faz uma visita a Alpiar\u00e7a para acompanhar [&hellip;]<\/p>\n","protected":false},"author":2,"featured_media":11593,"comment_status":"open","ping_status":"open","sticky":false,"template":"","format":"standard","meta":{"footnotes":""},"categories":[7],"tags":[],"class_list":["post-11589","post","type-post","status-publish","format-standard","has-post-thumbnail","hentry","category-economia"],"_links":{"self":[{"href":"https:\/\/tintafresca.net\/index.php\/wp-json\/wp\/v2\/posts\/11589","targetHints":{"allow":["GET"]}}],"collection":[{"href":"https:\/\/tintafresca.net\/index.php\/wp-json\/wp\/v2\/posts"}],"about":[{"href":"https:\/\/tintafresca.net\/index.php\/wp-json\/wp\/v2\/types\/post"}],"author":[{"embeddable":true,"href":"https:\/\/tintafresca.net\/index.php\/wp-json\/wp\/v2\/users\/2"}],"replies":[{"embeddable":true,"href":"https:\/\/tintafresca.net\/index.php\/wp-json\/wp\/v2\/comments?post=11589"}],"version-history":[{"count":2,"href":"https:\/\/tintafresca.net\/index.php\/wp-json\/wp\/v2\/posts\/11589\/revisions"}],"predecessor-version":[{"id":11594,"href":"https:\/\/tintafresca.net\/index.php\/wp-json\/wp\/v2\/posts\/11589\/revisions\/11594"}],"wp:featuredmedia":[{"embeddable":true,"href":"https:\/\/tintafresca.net\/index.php\/wp-json\/wp\/v2\/media\/11593"}],"wp:attachment":[{"href":"https:\/\/tintafresca.net\/index.php\/wp-json\/wp\/v2\/media?parent=11589"}],"wp:term":[{"taxonomy":"category","embeddable":true,"href":"https:\/\/tintafresca.net\/index.php\/wp-json\/wp\/v2\/categories?post=11589"},{"taxonomy":"post_tag","embeddable":true,"href":"https:\/\/tintafresca.net\/index.php\/wp-json\/wp\/v2\/tags?post=11589"}],"curies":[{"name":"wp","href":"https:\/\/api.w.org\/{rel}","templated":true}]}}