{"id":11628,"date":"2021-12-06T19:35:17","date_gmt":"2021-12-06T19:35:17","guid":{"rendered":"https:\/\/tintafresca.net\/?p=11628"},"modified":"2021-12-06T19:35:17","modified_gmt":"2021-12-06T19:35:17","slug":"ministra-da-agricultura-inaugura-obras-de-modernizacao-do-aproveitamento-hidroagricola-da-cela","status":"publish","type":"post","link":"https:\/\/tintafresca.net\/index.php\/2021\/12\/06\/ministra-da-agricultura-inaugura-obras-de-modernizacao-do-aproveitamento-hidroagricola-da-cela\/","title":{"rendered":"Ministra da Agricultura inaugura obras de moderniza\u00e7\u00e3o do Aproveitamento Hidroagr\u00edcola da Cela"},"content":{"rendered":"<div id=\"attachment_11592\" style=\"width: 510px\" class=\"wp-caption alignleft\"><img loading=\"lazy\" decoding=\"async\" aria-describedby=\"caption-attachment-11592\" class=\"wp-image-11592 size-full\" src=\"https:\/\/tintafresca.net\/wp-content\/uploads\/2021\/12\/Cadaval_Ministra-Maria-do-Ceu-Antunes10.jpg\" alt=\"\" width=\"500\" height=\"333\" srcset=\"https:\/\/tintafresca.net\/wp-content\/uploads\/2021\/12\/Cadaval_Ministra-Maria-do-Ceu-Antunes10.jpg 500w, https:\/\/tintafresca.net\/wp-content\/uploads\/2021\/12\/Cadaval_Ministra-Maria-do-Ceu-Antunes10-300x200.jpg 300w\" sizes=\"auto, (max-width: 500px) 100vw, 500px\" \/><p id=\"caption-attachment-11592\" class=\"wp-caption-text\">Maria do C\u00e9u Antunes<\/p><\/div>\n<p>A ministra da Agricultura, Maria do C\u00e9u Antunes, inaugura esta ter\u00e7a-feira, dia 7 de dezembro, as obras de moderniza\u00e7\u00e3o do Aproveitamento Hidroagr\u00edcola da Cela, na Nazar\u00e9. Ainda durante a manh\u00e3, a governante visita uma explora\u00e7\u00e3o frut\u00edcola, em Usseira, no concelho de \u00d3bidos, e uma empresa de produtos hortofrut\u00edcolas, em A dos Cunhados, no concelho de Torres Vedras.<\/p>\n<p><strong> \u00a0Programa<\/strong><\/p>\n<p>09:30<br \/>\nInaugura\u00e7\u00e3o das obras de moderniza\u00e7\u00e3o do Aproveitamento Hidroagr\u00edcola da Cela<br \/>\nMorada: Associa\u00e7\u00e3o de Benefici\u00e1rios da Cela<br \/>\nBombagem,<br \/>\n2450-073 | Nazar\u00e9<\/p>\n<p>10:30<br \/>\nVisita \u00e0 GRANFER<br \/>\nMorada: Rua Principal, 167<br \/>\n2510-772 Usseira | \u00d3bidos<\/p>\n<p>12:00<br \/>\nVisita \u00e0 Hortafina, Lda<br \/>\nMorada: Palhagueiras, R. Casal Ventoso<br \/>\n2560-044 A dos Cunhados | Torres Vedras<\/p>\n","protected":false},"excerpt":{"rendered":"<p>A ministra da Agricultura, Maria do C\u00e9u Antunes, inaugura esta ter\u00e7a-feira, dia 7 de dezembro, as obras de moderniza\u00e7\u00e3o do Aproveitamento Hidroagr\u00edcola da Cela, na Nazar\u00e9. Ainda durante a manh\u00e3, a governante visita uma explora\u00e7\u00e3o frut\u00edcola, em Usseira, no concelho de \u00d3bidos, e uma empresa de produtos hortofrut\u00edcolas, em A dos Cunhados, no concelho de [&hellip;]<\/p>\n","protected":false},"author":2,"featured_media":11593,"comment_status":"open","ping_status":"open","sticky":false,"template":"","format":"standard","meta":{"footnotes":""},"categories":[7],"tags":[],"class_list":["post-11628","post","type-post","status-publish","format-standard","has-post-thumbnail","hentry","category-economia"],"_links":{"self":[{"href":"https:\/\/tintafresca.net\/index.php\/wp-json\/wp\/v2\/posts\/11628","targetHints":{"allow":["GET"]}}],"collection":[{"href":"https:\/\/tintafresca.net\/index.php\/wp-json\/wp\/v2\/posts"}],"about":[{"href":"https:\/\/tintafresca.net\/index.php\/wp-json\/wp\/v2\/types\/post"}],"author":[{"embeddable":true,"href":"https:\/\/tintafresca.net\/index.php\/wp-json\/wp\/v2\/users\/2"}],"replies":[{"embeddable":true,"href":"https:\/\/tintafresca.net\/index.php\/wp-json\/wp\/v2\/comments?post=11628"}],"version-history":[{"count":2,"href":"https:\/\/tintafresca.net\/index.php\/wp-json\/wp\/v2\/posts\/11628\/revisions"}],"predecessor-version":[{"id":11630,"href":"https:\/\/tintafresca.net\/index.php\/wp-json\/wp\/v2\/posts\/11628\/revisions\/11630"}],"wp:featuredmedia":[{"embeddable":true,"href":"https:\/\/tintafresca.net\/index.php\/wp-json\/wp\/v2\/media\/11593"}],"wp:attachment":[{"href":"https:\/\/tintafresca.net\/index.php\/wp-json\/wp\/v2\/media?parent=11628"}],"wp:term":[{"taxonomy":"category","embeddable":true,"href":"https:\/\/tintafresca.net\/index.php\/wp-json\/wp\/v2\/categories?post=11628"},{"taxonomy":"post_tag","embeddable":true,"href":"https:\/\/tintafresca.net\/index.php\/wp-json\/wp\/v2\/tags?post=11628"}],"curies":[{"name":"wp","href":"https:\/\/api.w.org\/{rel}","templated":true}]}}