{"id":11650,"date":"2021-12-07T18:48:25","date_gmt":"2021-12-07T18:48:25","guid":{"rendered":"https:\/\/tintafresca.net\/?p=11650"},"modified":"2021-12-08T18:09:05","modified_gmt":"2021-12-08T18:09:05","slug":"alcobaca-e-nazare-revindicam-reabilitacao-do-regadio-de-maiorga-e-valado-dos-frades","status":"publish","type":"post","link":"https:\/\/tintafresca.net\/index.php\/2021\/12\/07\/alcobaca-e-nazare-revindicam-reabilitacao-do-regadio-de-maiorga-e-valado-dos-frades\/","title":{"rendered":"Alcoba\u00e7a e Nazar\u00e9 reivindicam reabilita\u00e7\u00e3o do regadio de Maiorga e Valado dos Frades"},"content":{"rendered":"<div id=\"attachment_11652\" style=\"width: 510px\" class=\"wp-caption alignleft\"><img loading=\"lazy\" decoding=\"async\" aria-describedby=\"caption-attachment-11652\" class=\"wp-image-11652 size-full\" src=\"https:\/\/tintafresca.net\/wp-content\/uploads\/2021\/12\/Alcobaca_Regadio_Cela10.jpg\" alt=\"\" width=\"500\" height=\"333\" srcset=\"https:\/\/tintafresca.net\/wp-content\/uploads\/2021\/12\/Alcobaca_Regadio_Cela10.jpg 500w, https:\/\/tintafresca.net\/wp-content\/uploads\/2021\/12\/Alcobaca_Regadio_Cela10-300x200.jpg 300w\" sizes=\"auto, (max-width: 500px) 100vw, 500px\" \/><p id=\"caption-attachment-11652\" class=\"wp-caption-text\">Interven\u00e7\u00e3o de Herm\u00ednio rodrigues<\/p><\/div>\n<p>A prop\u00f3sito da inaugura\u00e7\u00e3o realizada esta ter\u00e7a-feira, 7 de dezembro, das obras de requalifica\u00e7\u00e3o e moderniza\u00e7\u00e3o do Aproveitamento Hidroagr\u00edcola da Cela, um investimento superior a 8 milh\u00f5es de euros na requalifica\u00e7\u00e3o de um dos mais importantes per\u00edmetros de rega do Pa\u00eds, os autarcas de Alcoba\u00e7a e Nazar\u00e9 aproveitaram a visita da ministra da Agricultura, Maria do C\u00e9u Antunes, para sensibilizar a governante relativamente \u00e0 cria\u00e7\u00e3o do regadio de Maiorga e Valado dos Frades.<\/p>\n<p>O presidente da C\u00e2mara de Alcoba\u00e7a, Herm\u00ednio Rodrigues, relembrou que \u201co Munic\u00edpio em parceria com os servi\u00e7os centrais do Minist\u00e9rio da Agricultura, avan\u00e7ou j\u00e1 com um estudo de implementa\u00e7\u00e3o do mesmo pelo que espero em breve que este regadio seja reconhecido oficialmente atrav\u00e9s da realiza\u00e7\u00e3o de um projeto de execu\u00e7\u00e3o.\u201d<\/p>\n<p>Walter Chicharro, autarca da Nazar\u00e9, tamb\u00e9m sublinhou \u201ca elevada import\u00e2ncia deste regadio para a valoriza\u00e7\u00e3o da atividade agr\u00edcola em ambos os concelhos. A par deste projeto, aguardo com expectativa o in\u00edcio da obra da Mobilidade Suave que ir\u00e1 valorizar todo este territ\u00f3rio n\u00e3o apenas do ponto de vista tur\u00edstico, mas tamb\u00e9m os pr\u00f3prios agricultores\u201d.<\/p>\n<p>A \u00e1rea de Aproveitamento Hidroagr\u00edcola da Cela, com cerca de 450 hectares, constitui o 2\u00ba mais antigo regadio a n\u00edvel nacional, tendo iniciado a sua atividade em 1932. \u00c9 explorada pelos 450 produtores e agricultores que comp\u00f5em a Associa\u00e7\u00e3o de Benefici\u00e1rios da Cela, fundada em 1940. \u201cA ades\u00e3o dos agricultores a esta \u00e1rea agr\u00edcola ronda os 100% o que releva a import\u00e2ncia e a pertin\u00eancia do investimento que aqui foi feito\u201d, refor\u00e7ou Rog\u00e9rio Lima Ferreira, respons\u00e1vel m\u00e1ximo pela Dire\u00e7\u00e3o-Geral da Agricultura e Desenvolvimento Rural.<\/p>\n<p>\u201cAs grandes marcas agr\u00edcolas da regi\u00e3o como a Ma\u00e7\u00e3 de Alcoba\u00e7a, entre outros produtos, crescem aqui neste regadio e acabam nas casas de muitas fam\u00edlias portuguesas e estrangeiras. Esta requalifica\u00e7\u00e3o ir\u00e1 permitir alimentar muitas mais. Com este investimento estamos a caminhar a passos largos para agricultura verde, com maior sustentabilidade e efici\u00eancia energ\u00e9tica e h\u00eddrica. As tradi\u00e7\u00f5es agr\u00edcolas implementadas nestas terras pelos monges cistercienses s\u00e3o hoje evocadas e devidamente honradas com esta requalifica\u00e7\u00e3o que dar\u00e1 mais alento ao nosso setor agr\u00edcola e \u00e0 economia local\u201d, concluiu Herm\u00ednio Rodrigues.<\/p>\n<p><strong>\u00a0 \u00a0 Fonte: GRPP|CMA<\/strong><\/p>\n","protected":false},"excerpt":{"rendered":"<p>A prop\u00f3sito da inaugura\u00e7\u00e3o realizada esta ter\u00e7a-feira, 7 de dezembro, das obras de requalifica\u00e7\u00e3o e moderniza\u00e7\u00e3o do Aproveitamento Hidroagr\u00edcola da Cela, um investimento superior a 8 milh\u00f5es de euros na requalifica\u00e7\u00e3o de um dos mais importantes per\u00edmetros de rega do Pa\u00eds, os autarcas de Alcoba\u00e7a e Nazar\u00e9 aproveitaram a visita da ministra da Agricultura, Maria [&hellip;]<\/p>\n","protected":false},"author":2,"featured_media":11653,"comment_status":"open","ping_status":"open","sticky":false,"template":"","format":"standard","meta":{"footnotes":""},"categories":[9,7],"tags":[],"class_list":["post-11650","post","type-post","status-publish","format-standard","has-post-thumbnail","hentry","category-ambiente","category-economia"],"_links":{"self":[{"href":"https:\/\/tintafresca.net\/index.php\/wp-json\/wp\/v2\/posts\/11650","targetHints":{"allow":["GET"]}}],"collection":[{"href":"https:\/\/tintafresca.net\/index.php\/wp-json\/wp\/v2\/posts"}],"about":[{"href":"https:\/\/tintafresca.net\/index.php\/wp-json\/wp\/v2\/types\/post"}],"author":[{"embeddable":true,"href":"https:\/\/tintafresca.net\/index.php\/wp-json\/wp\/v2\/users\/2"}],"replies":[{"embeddable":true,"href":"https:\/\/tintafresca.net\/index.php\/wp-json\/wp\/v2\/comments?post=11650"}],"version-history":[{"count":3,"href":"https:\/\/tintafresca.net\/index.php\/wp-json\/wp\/v2\/posts\/11650\/revisions"}],"predecessor-version":[{"id":11667,"href":"https:\/\/tintafresca.net\/index.php\/wp-json\/wp\/v2\/posts\/11650\/revisions\/11667"}],"wp:featuredmedia":[{"embeddable":true,"href":"https:\/\/tintafresca.net\/index.php\/wp-json\/wp\/v2\/media\/11653"}],"wp:attachment":[{"href":"https:\/\/tintafresca.net\/index.php\/wp-json\/wp\/v2\/media?parent=11650"}],"wp:term":[{"taxonomy":"category","embeddable":true,"href":"https:\/\/tintafresca.net\/index.php\/wp-json\/wp\/v2\/categories?post=11650"},{"taxonomy":"post_tag","embeddable":true,"href":"https:\/\/tintafresca.net\/index.php\/wp-json\/wp\/v2\/tags?post=11650"}],"curies":[{"name":"wp","href":"https:\/\/api.w.org\/{rel}","templated":true}]}}