{"id":11801,"date":"2021-12-12T00:01:56","date_gmt":"2021-12-12T00:01:56","guid":{"rendered":"https:\/\/tintafresca.net\/?p=11801"},"modified":"2021-12-12T00:01:56","modified_gmt":"2021-12-12T00:01:56","slug":"marca-oeste-portugal-apresenta-se-no-salao-nautico-de-paris","status":"publish","type":"post","link":"https:\/\/tintafresca.net\/index.php\/2021\/12\/12\/marca-oeste-portugal-apresenta-se-no-salao-nautico-de-paris\/","title":{"rendered":"Marca Oeste Portugal apresenta-se no Sal\u00e3o N\u00e1utico de Paris"},"content":{"rendered":"<div id=\"attachment_11804\" style=\"width: 510px\" class=\"wp-caption alignleft\"><img loading=\"lazy\" decoding=\"async\" aria-describedby=\"caption-attachment-11804\" class=\"wp-image-11804 size-full\" src=\"https:\/\/tintafresca.net\/wp-content\/uploads\/2021\/12\/Oeste-Portugal_Salao-Nautico-Paris10.jpg\" alt=\"\" width=\"500\" height=\"236\" srcset=\"https:\/\/tintafresca.net\/wp-content\/uploads\/2021\/12\/Oeste-Portugal_Salao-Nautico-Paris10.jpg 500w, https:\/\/tintafresca.net\/wp-content\/uploads\/2021\/12\/Oeste-Portugal_Salao-Nautico-Paris10-300x142.jpg 300w\" sizes=\"auto, (max-width: 500px) 100vw, 500px\" \/><p id=\"caption-attachment-11804\" class=\"wp-caption-text\">A\u00e7\u00e3o conta com as presen\u00e7as do Embaixador de Portugal em Fran\u00e7a e dos delegados em Paris da AICEP e do Turismo de Portugal<\/p><\/div>\n<p>De 4 a 12 de dezembro de 2021, a Marca Oeste Portugal desloca-se ao Sal\u00e3o N\u00e1utico de Paris, no parque de exposi\u00e7\u00f5es Port de Versalles, com o objetivo de promover no mercado franc\u00eas a melhor oferta de turismo n\u00e1utico dispon\u00edvel na Regi\u00e3o Oeste. Esta a\u00e7\u00e3o conta com os apoios e presen\u00e7as do Embaixador de Portugal em Fran\u00e7a, e dos delegados em Paris da AICEP e do Turismo de Portugal.<\/p>\n<p>No dia 8 de dezembro, pelas 17h30, a Marca Oeste Portugal recebeu a visita do \u00a0Embaixador de Portugal em Fran\u00e7a, Jorge Torres Pereira, acompanhado pelo Diretor do Sal\u00e3o N\u00e1utico de Paris e pelos Delegados do AICEP e Turismo de Portugal, que provaram vinhos da Regi\u00e3o Oeste, incluindo aguardente da Lourinh\u00e3.<\/p>\n<p>Durante o Sal\u00e3o N\u00e1utico de Paris, refer\u00eancia mundial nas atividades n\u00e1uticas, foi ainda lan\u00e7ada a campanha com o mote &#8220;Experimente Portugal, em todas as esta\u00e7\u00f5es\u201d a operadores tur\u00edsticos e \u00e0 comunica\u00e7\u00e3o social. A a\u00e7\u00e3o decorreu no \u00e2mbito do projeto IREN \u2013 Internacionaliza\u00e7\u00e3o da Rede das Esta\u00e7\u00f5es N\u00e1uticas de Portugal, desenvolvido pela F\u00f3rum Oceano \u2013 Associa\u00e7\u00e3o da Economia do Mar, e contou com apoio do Compete e com o acompanhamento da AICEP, do Turismo de Portugal, das ERT- Entidades Regionais de Turismo e das ARPT \u2013 Ag\u00eancias Regionais de Promo\u00e7\u00e3o Tur\u00edstica.<\/p>\n<p><img loading=\"lazy\" decoding=\"async\" class=\"alignleft wp-image-11805 size-full\" src=\"https:\/\/tintafresca.net\/wp-content\/uploads\/2021\/12\/Oeste-Portugal_Salao-Nautico-Paris20.jpg\" alt=\"\" width=\"500\" height=\"889\" srcset=\"https:\/\/tintafresca.net\/wp-content\/uploads\/2021\/12\/Oeste-Portugal_Salao-Nautico-Paris20.jpg 500w, https:\/\/tintafresca.net\/wp-content\/uploads\/2021\/12\/Oeste-Portugal_Salao-Nautico-Paris20-169x300.jpg 169w\" sizes=\"auto, (max-width: 500px) 100vw, 500px\" \/>Apaixonado pela Regi\u00e3o Oeste, Andrey Krayton, campe\u00e3o ol\u00edmpico de canoagem, que participou na grande prova de paddle surf no rio Sena, tamb\u00e9m visitou o expositor da Marca Oeste Portugal.<\/p>\n<p>Com a presen\u00e7a no Sal\u00e3o N\u00e1utico de Paris a Marca Oeste Portugal espera conquistar mais visitantes estrangeiros, com uma oferta aut\u00eantica, inclusiva, segura, comprometida com a sustentabilidade ambiental e diversificada: surfing, canoagem, mergulho, wakeboard, wakesurf, vela, kitesurf, windsurf e pesca desportiva inseridas na Rede das Esta\u00e7\u00f5es N\u00e1uticas de Portugal.<\/p>\n<p><strong>\u00a0 \u00a0 \u00a0Fonte: OesteCIM<\/strong><\/p>\n","protected":false},"excerpt":{"rendered":"<p>De 4 a 12 de dezembro de 2021, a Marca Oeste Portugal desloca-se ao Sal\u00e3o N\u00e1utico de Paris, no parque de exposi\u00e7\u00f5es Port de Versalles, com o objetivo de promover no mercado franc\u00eas a melhor oferta de turismo n\u00e1utico dispon\u00edvel na Regi\u00e3o Oeste. Esta a\u00e7\u00e3o conta com os apoios e presen\u00e7as do Embaixador de Portugal [&hellip;]<\/p>\n","protected":false},"author":2,"featured_media":11806,"comment_status":"open","ping_status":"open","sticky":false,"template":"","format":"standard","meta":{"footnotes":""},"categories":[13,7],"tags":[],"class_list":["post-11801","post","type-post","status-publish","format-standard","has-post-thumbnail","hentry","category-desporto","category-economia"],"_links":{"self":[{"href":"https:\/\/tintafresca.net\/index.php\/wp-json\/wp\/v2\/posts\/11801","targetHints":{"allow":["GET"]}}],"collection":[{"href":"https:\/\/tintafresca.net\/index.php\/wp-json\/wp\/v2\/posts"}],"about":[{"href":"https:\/\/tintafresca.net\/index.php\/wp-json\/wp\/v2\/types\/post"}],"author":[{"embeddable":true,"href":"https:\/\/tintafresca.net\/index.php\/wp-json\/wp\/v2\/users\/2"}],"replies":[{"embeddable":true,"href":"https:\/\/tintafresca.net\/index.php\/wp-json\/wp\/v2\/comments?post=11801"}],"version-history":[{"count":3,"href":"https:\/\/tintafresca.net\/index.php\/wp-json\/wp\/v2\/posts\/11801\/revisions"}],"predecessor-version":[{"id":11807,"href":"https:\/\/tintafresca.net\/index.php\/wp-json\/wp\/v2\/posts\/11801\/revisions\/11807"}],"wp:featuredmedia":[{"embeddable":true,"href":"https:\/\/tintafresca.net\/index.php\/wp-json\/wp\/v2\/media\/11806"}],"wp:attachment":[{"href":"https:\/\/tintafresca.net\/index.php\/wp-json\/wp\/v2\/media?parent=11801"}],"wp:term":[{"taxonomy":"category","embeddable":true,"href":"https:\/\/tintafresca.net\/index.php\/wp-json\/wp\/v2\/categories?post=11801"},{"taxonomy":"post_tag","embeddable":true,"href":"https:\/\/tintafresca.net\/index.php\/wp-json\/wp\/v2\/tags?post=11801"}],"curies":[{"name":"wp","href":"https:\/\/api.w.org\/{rel}","templated":true}]}}