{"id":11814,"date":"2021-12-12T17:04:47","date_gmt":"2021-12-12T17:04:47","guid":{"rendered":"https:\/\/tintafresca.net\/?p=11814"},"modified":"2021-12-12T17:06:02","modified_gmt":"2021-12-12T17:06:02","slug":"orcamento-municipal-de-porto-de-mos-para-2022-aprovado-por-unanimidade","status":"publish","type":"post","link":"https:\/\/tintafresca.net\/index.php\/2021\/12\/12\/orcamento-municipal-de-porto-de-mos-para-2022-aprovado-por-unanimidade\/","title":{"rendered":"Or\u00e7amento Municipal de Porto de M\u00f3s para 2022 aprovado por unanimidade"},"content":{"rendered":"<p><img loading=\"lazy\" decoding=\"async\" class=\"alignleft wp-image-11816\" src=\"https:\/\/tintafresca.net\/wp-content\/uploads\/2021\/12\/PM_orcamento.jpg\" alt=\"\" width=\"400\" height=\"400\" \/>No dia 7 de dezembro foi aprovado, em reuni\u00e3o de C\u00e2mara de Porto de M\u00f3s, o Or\u00e7amento Municipal para 2022, por unanimidade.<\/p>\n<p>Com quase 25 milh\u00f5es de euros, um dos maiores Or\u00e7amentos dos \u00faltimos anos, este documento reflete a estrat\u00e9gia do atual Executivo para os pr\u00f3ximos anos.<\/p>\n<p>O Or\u00e7amento prioriza duas grandes \u00e1reas: a primeira, no \u00e2mbito das infraestruturas, onde se destaca o enorme investimento na infraestrutura\u00e7\u00e3o da \u00c1rea de Localiza\u00e7\u00e3o Empresarial de Porto de M\u00f3s, com um montante previsto de cerca de 3.480.000\u20ac para 2022, o inicio da recupera\u00e7\u00e3o da Casa dos Calados, investindo cerca de 1.000.000\u20ac e ainda, no Saneamento e Abastecimento de \u00c1guas, onde se prev\u00ea investir cerca de 1.486.000\u20ac.<\/p>\n<p>A outra prioridade ser\u00e1 no \u00e2mbito da Sa\u00fade e A\u00e7\u00e3o Social, onde se inclui a a\u00e7\u00e3o social escolar com um montante associado de cerca de 1.000.000\u20ac, nomeadamente para financiar a gratuitidade dos transportes, mas tamb\u00e9m para apoiar nas refei\u00e7\u00f5es e prolongamentos. Nas restantes rubricas da A\u00e7\u00e3o Social e Sa\u00fade prev\u00ea-se um investimento de cerca de 606.000\u20ac.<\/p>\n<p>Estas prioridades representam mais de 50% das Grandes Op\u00e7\u00f5es do Plano para 2022, num montante superior a 7,5 Milh\u00f5es de euros.<\/p>\n<p>A perspetiva deste documento plurianual ser\u00e1 atingir no final do mandato, em 2025, uma cobertura em termos de saneamento b\u00e1sico pr\u00f3ximo dos 90%, atualmente rondam os 70%, executando investimentos nesta \u00e1rea em duas zonas essenciais, na Freguesia de Pedreiras, Juncal e de Mira de Aire, num investimento total previsto de 12 Milh\u00f5es de euros.<\/p>\n<p>Esta estrat\u00e9gia do Executivo Municipal enquadra-se no des\u00edgnio de combater a quebra de popula\u00e7\u00e3o com a atra\u00e7\u00e3o de novas empresas no curto prazo e na dinamiza\u00e7\u00e3o da economia local e seu empreendedorismo, bem como na valoriza\u00e7\u00e3o da qualidade de vida das pessoas com acesso garantido a recursos essenciais, melhorando o bem estar dos cidad\u00e3os com o intuito de fixar cada vez mais jovens ao nosso concelho.<\/p>\n<p><strong>\u00a0 \u00a0 \u00a0Fonte: GC|CMPM<\/strong><\/p>\n","protected":false},"excerpt":{"rendered":"<p>No dia 7 de dezembro foi aprovado, em reuni\u00e3o de C\u00e2mara de Porto de M\u00f3s, o Or\u00e7amento Municipal para 2022, por unanimidade. Com quase 25 milh\u00f5es de euros, um dos maiores Or\u00e7amentos dos \u00faltimos anos, este documento reflete a estrat\u00e9gia do atual Executivo para os pr\u00f3ximos anos. O Or\u00e7amento prioriza duas grandes \u00e1reas: a primeira, [&hellip;]<\/p>\n","protected":false},"author":2,"featured_media":11817,"comment_status":"open","ping_status":"open","sticky":false,"template":"","format":"standard","meta":{"footnotes":""},"categories":[7],"tags":[],"class_list":["post-11814","post","type-post","status-publish","format-standard","has-post-thumbnail","hentry","category-economia"],"_links":{"self":[{"href":"https:\/\/tintafresca.net\/index.php\/wp-json\/wp\/v2\/posts\/11814","targetHints":{"allow":["GET"]}}],"collection":[{"href":"https:\/\/tintafresca.net\/index.php\/wp-json\/wp\/v2\/posts"}],"about":[{"href":"https:\/\/tintafresca.net\/index.php\/wp-json\/wp\/v2\/types\/post"}],"author":[{"embeddable":true,"href":"https:\/\/tintafresca.net\/index.php\/wp-json\/wp\/v2\/users\/2"}],"replies":[{"embeddable":true,"href":"https:\/\/tintafresca.net\/index.php\/wp-json\/wp\/v2\/comments?post=11814"}],"version-history":[{"count":3,"href":"https:\/\/tintafresca.net\/index.php\/wp-json\/wp\/v2\/posts\/11814\/revisions"}],"predecessor-version":[{"id":11819,"href":"https:\/\/tintafresca.net\/index.php\/wp-json\/wp\/v2\/posts\/11814\/revisions\/11819"}],"wp:featuredmedia":[{"embeddable":true,"href":"https:\/\/tintafresca.net\/index.php\/wp-json\/wp\/v2\/media\/11817"}],"wp:attachment":[{"href":"https:\/\/tintafresca.net\/index.php\/wp-json\/wp\/v2\/media?parent=11814"}],"wp:term":[{"taxonomy":"category","embeddable":true,"href":"https:\/\/tintafresca.net\/index.php\/wp-json\/wp\/v2\/categories?post=11814"},{"taxonomy":"post_tag","embeddable":true,"href":"https:\/\/tintafresca.net\/index.php\/wp-json\/wp\/v2\/tags?post=11814"}],"curies":[{"name":"wp","href":"https:\/\/api.w.org\/{rel}","templated":true}]}}