{"id":11884,"date":"2021-12-14T19:54:57","date_gmt":"2021-12-14T19:54:57","guid":{"rendered":"https:\/\/tintafresca.net\/?p=11884"},"modified":"2021-12-14T19:57:15","modified_gmt":"2021-12-14T19:57:15","slug":"ministro-do-planeamento-profere-conferencia-na-nerlei-sobre-fundos-europeus-e-recuperacao-da-economia","status":"publish","type":"post","link":"https:\/\/tintafresca.net\/index.php\/2021\/12\/14\/ministro-do-planeamento-profere-conferencia-na-nerlei-sobre-fundos-europeus-e-recuperacao-da-economia\/","title":{"rendered":"Ministro do Planeamento profere confer\u00eancia na Nerlei sobre \u201cFundos Europeus e Recupera\u00e7\u00e3o da Economia\u201d"},"content":{"rendered":"<div id=\"attachment_11886\" style=\"width: 243px\" class=\"wp-caption alignleft\"><img loading=\"lazy\" decoding=\"async\" aria-describedby=\"caption-attachment-11886\" class=\"wp-image-11886 size-full\" src=\"https:\/\/tintafresca.net\/wp-content\/uploads\/2021\/12\/Nelson_Souza.jpg\" alt=\"\" width=\"233\" height=\"323\" \/><p id=\"caption-attachment-11886\" class=\"wp-caption-text\">Nelson de Souza<\/p><\/div>\n<p>O ministro do Planeamento, Nelson de Souza, \u00e9 o orador convidado para a confer\u00eancia que a NERLEI realiza esta quinta-feira, dia 16 de dezembro, no Edif\u00edcio Nerlei, em Leiria, \u00e0s 18h30, sobre \u201cFundos Europeus e Recupera\u00e7\u00e3o da Economia\u201d. Por quest\u00f5es relacionadas com a situa\u00e7\u00e3o pand\u00e9mica, a confirma\u00e7\u00e3o de presen\u00e7a junto da organiza\u00e7\u00e3o \u00e9 obrigat\u00f3ria at\u00e9 15 de dezembro.<\/p>\n<p>Ser\u00e1 ainda necess\u00e1ria:<\/p>\n<ul>\n<li>Apresenta\u00e7\u00e3o obrigat\u00f3ria de certificado digital ou;<\/li>\n<li>Teste PCR, realizado at\u00e9 72 horas antes do evento ou;<\/li>\n<li>Teste antig\u00e9nio, realizado at\u00e9 48 horas antes do evento.<\/li>\n<\/ul>\n<p><strong>Fonte: Nerlei<\/strong><\/p>\n","protected":false},"excerpt":{"rendered":"<p>O ministro do Planeamento, Nelson de Souza, \u00e9 o orador convidado para a confer\u00eancia que a NERLEI realiza esta quinta-feira, dia 16 de dezembro, no Edif\u00edcio Nerlei, em Leiria, \u00e0s 18h30, sobre \u201cFundos Europeus e Recupera\u00e7\u00e3o da Economia\u201d. Por quest\u00f5es relacionadas com a situa\u00e7\u00e3o pand\u00e9mica, a confirma\u00e7\u00e3o de presen\u00e7a junto da organiza\u00e7\u00e3o \u00e9 obrigat\u00f3ria at\u00e9 [&hellip;]<\/p>\n","protected":false},"author":2,"featured_media":11888,"comment_status":"open","ping_status":"open","sticky":false,"template":"","format":"standard","meta":{"footnotes":""},"categories":[7],"tags":[],"class_list":["post-11884","post","type-post","status-publish","format-standard","has-post-thumbnail","hentry","category-economia"],"_links":{"self":[{"href":"https:\/\/tintafresca.net\/index.php\/wp-json\/wp\/v2\/posts\/11884","targetHints":{"allow":["GET"]}}],"collection":[{"href":"https:\/\/tintafresca.net\/index.php\/wp-json\/wp\/v2\/posts"}],"about":[{"href":"https:\/\/tintafresca.net\/index.php\/wp-json\/wp\/v2\/types\/post"}],"author":[{"embeddable":true,"href":"https:\/\/tintafresca.net\/index.php\/wp-json\/wp\/v2\/users\/2"}],"replies":[{"embeddable":true,"href":"https:\/\/tintafresca.net\/index.php\/wp-json\/wp\/v2\/comments?post=11884"}],"version-history":[{"count":2,"href":"https:\/\/tintafresca.net\/index.php\/wp-json\/wp\/v2\/posts\/11884\/revisions"}],"predecessor-version":[{"id":11887,"href":"https:\/\/tintafresca.net\/index.php\/wp-json\/wp\/v2\/posts\/11884\/revisions\/11887"}],"wp:featuredmedia":[{"embeddable":true,"href":"https:\/\/tintafresca.net\/index.php\/wp-json\/wp\/v2\/media\/11888"}],"wp:attachment":[{"href":"https:\/\/tintafresca.net\/index.php\/wp-json\/wp\/v2\/media?parent=11884"}],"wp:term":[{"taxonomy":"category","embeddable":true,"href":"https:\/\/tintafresca.net\/index.php\/wp-json\/wp\/v2\/categories?post=11884"},{"taxonomy":"post_tag","embeddable":true,"href":"https:\/\/tintafresca.net\/index.php\/wp-json\/wp\/v2\/tags?post=11884"}],"curies":[{"name":"wp","href":"https:\/\/api.w.org\/{rel}","templated":true}]}}