{"id":11934,"date":"2021-12-16T11:25:46","date_gmt":"2021-12-16T11:25:46","guid":{"rendered":"https:\/\/tintafresca.net\/?p=11934"},"modified":"2021-12-16T19:15:30","modified_gmt":"2021-12-16T19:15:30","slug":"ampliacao-e-remodelacao-do-servico-de-urgencia-do-hospital-de-caldas-da-rainha-ja-esta-concluida","status":"publish","type":"post","link":"https:\/\/tintafresca.net\/index.php\/2021\/12\/16\/ampliacao-e-remodelacao-do-servico-de-urgencia-do-hospital-de-caldas-da-rainha-ja-esta-concluida\/","title":{"rendered":"Amplia\u00e7\u00e3o e remodela\u00e7\u00e3o do Servi\u00e7o de Urg\u00eancia do Hospital de Caldas da Rainha est\u00e1 conclu\u00edda"},"content":{"rendered":"<div id=\"attachment_11936\" style=\"width: 510px\" class=\"wp-caption alignleft\"><img loading=\"lazy\" decoding=\"async\" aria-describedby=\"caption-attachment-11936\" class=\"wp-image-11936 size-full\" src=\"https:\/\/tintafresca.net\/wp-content\/uploads\/2021\/12\/CHO_Urgencia10.jpg\" alt=\"\" width=\"500\" height=\"289\" \/><p id=\"caption-attachment-11936\" class=\"wp-caption-text\">Sala de Espera da Urg\u00eancia Geral<\/p><\/div>\n<p>As obras de remodela\u00e7\u00e3o e amplia\u00e7\u00e3o da Urg\u00eancia Geral e Pedi\u00e1trica da Unidade de Caldas da Rainha, que decorreram com o objetivo de melhorar a qualidade do acolhimento, do conforto e do atendimento aos doentes, assim como melhorar os fluxos de trabalho de todos os profissionais que ali desempenham fun\u00e7\u00f5es, j\u00e1 est\u00e3o conclu\u00eddas.<\/p>\n<p>Recorde-se que esta empreitada, iniciada em janeiro de 2018, visou a expans\u00e3o e remodela\u00e7\u00e3o do espa\u00e7o do Servi\u00e7o de Urg\u00eancia da Unidade de Caldas da Rainha do Centro Hospitalar do Oeste. Para tal, foi criada uma segunda Sala de Observa\u00e7\u00e3o (S.O.) com capacidade para 20 camas, assim como um espa\u00e7o complementar para 12 cadeir\u00f5es, para evitar que os doentes permane\u00e7am nos corredores. A sala de espera da Urg\u00eancia de adultos tamb\u00e9m sofreu um alargamento.<\/p>\n<p>No que concerne a Urg\u00eancia Pedi\u00e1trica, o espa\u00e7o anteriormente existente foi ampliado, passando a Sala de Observa\u00e7\u00e3o (S.O.) a ter capacidade para seis camas. Foi tamb\u00e9m criada uma sala de espera e um balc\u00e3o de admiss\u00e3o de doentes, unicamente destinados a utentes em idade pedi\u00e1trica.<\/p>\n<p>A execu\u00e7\u00e3o desta empreitada esteve sujeita a algumas altera\u00e7\u00f5es, que provocaram um atraso significativo na conclus\u00e3o da mesma, nomeadamente a suspens\u00e3o da empreitada devido \u00e0 pandemia em mar\u00e7o de 2020. Na altura, estava a iniciar-se a \u00faltima fase da obra, a qual iria ocorrer no interior do Servi\u00e7o de Urg\u00eancia e implicava a utiliza\u00e7\u00e3o do espa\u00e7o que foi adstrito ao ADR-SU. A suspens\u00e3o era inevit\u00e1vel para evitar constrangimentos graves no funcionamento do Servi\u00e7o de Urg\u00eancia, um dos mais afetados pela situa\u00e7\u00e3o pand\u00e9mica, bem como houve a preocupa\u00e7\u00e3o de proteger os profissionais da empresa de constru\u00e7\u00e3o do risco de cont\u00e1gio.<\/p>\n<div id=\"attachment_11937\" style=\"width: 510px\" class=\"wp-caption alignleft\"><img loading=\"lazy\" decoding=\"async\" aria-describedby=\"caption-attachment-11937\" class=\"wp-image-11937 size-full\" src=\"https:\/\/tintafresca.net\/wp-content\/uploads\/2021\/12\/CHO_CR_Pediatrica10.jpg\" alt=\"\" width=\"500\" height=\"417\" \/><p id=\"caption-attachment-11937\" class=\"wp-caption-text\">Acesso \u00e0 Urg\u00eancia Pedi\u00e1trica<\/p><\/div>\n<p>Esta obra representou um investimento que rondou os 2.000.000\u20ac, sendo 1.794.117,65\u20ac financiado no \u00e2mbito do programa CENTRO 2020 (FEDER).<\/p>\n<p>Para al\u00e9m do mais, foi adquirido equipamento inform\u00e1tico e equipamento b\u00e1sico, no valor de 526.668\u20ac.<\/p>\n<p>O Conselho de Administra\u00e7\u00e3o do CHOeste agradece aos utentes e aos profissionais toda a compreens\u00e3o demonstrada durante esta fase de obras. De notar que o Servi\u00e7o de Urg\u00eancia, apesar dos enormes constrangimentos provocados pela obra e sua suspens\u00e3o, continuou sempre a funcionar e a prestar os cuidados necess\u00e1rios \u00e0 popula\u00e7\u00e3o.<\/p>\n<p>O Centro Hospitalar do Oeste integra os hospitais de Caldas da Rainha, Torres Vedras e Peniche, tendo uma \u00e1rea de influ\u00eancia constitu\u00edda pelas popula\u00e7\u00f5es dos concelhos de Caldas da Rainha, \u00d3bidos, Peniche, Bombarral, Torres Vedras, Cadaval e Lourinh\u00e3 e de parte dos concelhos de Alcoba\u00e7a e de Mafra.<\/p>\n<p><strong>\u00a0 \u00a0Fonte: GC|CHO<\/strong><\/p>\n","protected":false},"excerpt":{"rendered":"<p>As obras de remodela\u00e7\u00e3o e amplia\u00e7\u00e3o da Urg\u00eancia Geral e Pedi\u00e1trica da Unidade de Caldas da Rainha, que decorreram com o objetivo de melhorar a qualidade do acolhimento, do conforto e do atendimento aos doentes, assim como melhorar os fluxos de trabalho de todos os profissionais que ali desempenham fun\u00e7\u00f5es, j\u00e1 est\u00e3o conclu\u00eddas. Recorde-se que [&hellip;]<\/p>\n","protected":false},"author":2,"featured_media":11938,"comment_status":"open","ping_status":"open","sticky":false,"template":"","format":"standard","meta":{"footnotes":""},"categories":[6],"tags":[],"class_list":["post-11934","post","type-post","status-publish","format-standard","has-post-thumbnail","hentry","category-saude"],"_links":{"self":[{"href":"https:\/\/tintafresca.net\/index.php\/wp-json\/wp\/v2\/posts\/11934","targetHints":{"allow":["GET"]}}],"collection":[{"href":"https:\/\/tintafresca.net\/index.php\/wp-json\/wp\/v2\/posts"}],"about":[{"href":"https:\/\/tintafresca.net\/index.php\/wp-json\/wp\/v2\/types\/post"}],"author":[{"embeddable":true,"href":"https:\/\/tintafresca.net\/index.php\/wp-json\/wp\/v2\/users\/2"}],"replies":[{"embeddable":true,"href":"https:\/\/tintafresca.net\/index.php\/wp-json\/wp\/v2\/comments?post=11934"}],"version-history":[{"count":3,"href":"https:\/\/tintafresca.net\/index.php\/wp-json\/wp\/v2\/posts\/11934\/revisions"}],"predecessor-version":[{"id":11940,"href":"https:\/\/tintafresca.net\/index.php\/wp-json\/wp\/v2\/posts\/11934\/revisions\/11940"}],"wp:featuredmedia":[{"embeddable":true,"href":"https:\/\/tintafresca.net\/index.php\/wp-json\/wp\/v2\/media\/11938"}],"wp:attachment":[{"href":"https:\/\/tintafresca.net\/index.php\/wp-json\/wp\/v2\/media?parent=11934"}],"wp:term":[{"taxonomy":"category","embeddable":true,"href":"https:\/\/tintafresca.net\/index.php\/wp-json\/wp\/v2\/categories?post=11934"},{"taxonomy":"post_tag","embeddable":true,"href":"https:\/\/tintafresca.net\/index.php\/wp-json\/wp\/v2\/tags?post=11934"}],"curies":[{"name":"wp","href":"https:\/\/api.w.org\/{rel}","templated":true}]}}