{"id":1195,"date":"2021-02-06T12:15:37","date_gmt":"2021-02-06T12:15:37","guid":{"rendered":"https:\/\/tintafresca.net\/?p=1195"},"modified":"2021-02-06T12:15:37","modified_gmt":"2021-02-06T12:15:37","slug":"gnr-detem-homem-em-vila-nova-de-foz-coa-por-violencia-domestica-em-santarem","status":"publish","type":"post","link":"https:\/\/tintafresca.net\/index.php\/2021\/02\/06\/gnr-detem-homem-em-vila-nova-de-foz-coa-por-violencia-domestica-em-santarem\/","title":{"rendered":"GNR det\u00e9m homem em Vila Nova de Foz C\u00f4a por viol\u00eancia dom\u00e9stica em Santar\u00e9m"},"content":{"rendered":"<div id=\"attachment_1178\" style=\"width: 355px\" class=\"wp-caption alignleft\"><img loading=\"lazy\" decoding=\"async\" aria-describedby=\"caption-attachment-1178\" class=\"wp-image-1178 size-full\" src=\"https:\/\/tintafresca.net\/wp-content\/uploads\/2021\/02\/GNR.png\" alt=\"\" width=\"345\" height=\"234\" \/><p id=\"caption-attachment-1178\" class=\"wp-caption-text\">GNR apurou que o homem ligou para o telem\u00f3vel da v\u00edtima, , num s\u00f3 dia, cerca de 200 vezes<\/p><\/div>\n<p>O Comando Territorial de Santar\u00e9m da GNR, atrav\u00e9s do N\u00facleo de Investiga\u00e7\u00e3o e Apoio a V\u00edtimas Espec\u00edficas (NIAVE), no dia 3 de fevereiro, deteve um homem de 54 anos por viol\u00eancia dom\u00e9stica, no concelho Vila Nova de Foz C\u00f4a.<\/p>\n<p>No \u00e2mbito da investiga\u00e7\u00e3o por crime de\u00a0viol\u00eancia dom\u00e9stica, os militares da Guarda apuraram que o suspeito injuriava e amea\u00e7ava de morte a v\u00edtima, sua ex-companheira de 53 anos, com quem manteve uma rela\u00e7\u00e3o de cerca de oito anos e de quem estava separado h\u00e1 cerca de dois anos. O suspeito nunca aceitou o fim da rela\u00e7\u00e3o e passou a importunar a vida da v\u00edtima, tendo ligado, num s\u00f3 dia, para o telem\u00f3vel dela cerca de 200 vezes, e apropriado de fotografias \u00edntimas que amea\u00e7ava divulgar se n\u00e3o voltasse para ele. No decorrer das dilig\u00eancias policiais, o telem\u00f3vel do suspeito foi apreendido, e foi dado cumprimento ao mandado de deten\u00e7\u00e3o.<\/p>\n<p>O detido foi\u00a0presente ao Tribunal Judicial de Santar\u00e9m, no dia 4 de fevereiro, tendo sido aplicada a medida de coa\u00e7\u00e3o de proibi\u00e7\u00e3o de contacto por qualquer meio com a v\u00edtima e obriga\u00e7\u00e3o de n\u00e3o permanecer\u00a0na cidade de Santar\u00e9m.<\/p>\n<p><strong>\u00a0 \u00a0Fonte: CTS|GNR<\/strong><\/p>\n","protected":false},"excerpt":{"rendered":"<p>O Comando Territorial de Santar\u00e9m da GNR, atrav\u00e9s do N\u00facleo de Investiga\u00e7\u00e3o e Apoio a V\u00edtimas Espec\u00edficas (NIAVE), no dia 3 de fevereiro, deteve um homem de 54 anos por viol\u00eancia dom\u00e9stica, no concelho Vila Nova de Foz C\u00f4a. No \u00e2mbito da investiga\u00e7\u00e3o por crime de\u00a0viol\u00eancia dom\u00e9stica, os militares da Guarda apuraram que o suspeito [&hellip;]<\/p>\n","protected":false},"author":2,"featured_media":1178,"comment_status":"open","ping_status":"open","sticky":false,"template":"","format":"standard","meta":{"footnotes":""},"categories":[11],"tags":[],"class_list":["post-1195","post","type-post","status-publish","format-standard","has-post-thumbnail","hentry","category-sociedade"],"_links":{"self":[{"href":"https:\/\/tintafresca.net\/index.php\/wp-json\/wp\/v2\/posts\/1195","targetHints":{"allow":["GET"]}}],"collection":[{"href":"https:\/\/tintafresca.net\/index.php\/wp-json\/wp\/v2\/posts"}],"about":[{"href":"https:\/\/tintafresca.net\/index.php\/wp-json\/wp\/v2\/types\/post"}],"author":[{"embeddable":true,"href":"https:\/\/tintafresca.net\/index.php\/wp-json\/wp\/v2\/users\/2"}],"replies":[{"embeddable":true,"href":"https:\/\/tintafresca.net\/index.php\/wp-json\/wp\/v2\/comments?post=1195"}],"version-history":[{"count":2,"href":"https:\/\/tintafresca.net\/index.php\/wp-json\/wp\/v2\/posts\/1195\/revisions"}],"predecessor-version":[{"id":1197,"href":"https:\/\/tintafresca.net\/index.php\/wp-json\/wp\/v2\/posts\/1195\/revisions\/1197"}],"wp:featuredmedia":[{"embeddable":true,"href":"https:\/\/tintafresca.net\/index.php\/wp-json\/wp\/v2\/media\/1178"}],"wp:attachment":[{"href":"https:\/\/tintafresca.net\/index.php\/wp-json\/wp\/v2\/media?parent=1195"}],"wp:term":[{"taxonomy":"category","embeddable":true,"href":"https:\/\/tintafresca.net\/index.php\/wp-json\/wp\/v2\/categories?post=1195"},{"taxonomy":"post_tag","embeddable":true,"href":"https:\/\/tintafresca.net\/index.php\/wp-json\/wp\/v2\/tags?post=1195"}],"curies":[{"name":"wp","href":"https:\/\/api.w.org\/{rel}","templated":true}]}}