{"id":11979,"date":"2021-12-17T11:21:40","date_gmt":"2021-12-17T11:21:40","guid":{"rendered":"https:\/\/tintafresca.net\/?p=11979"},"modified":"2021-12-17T11:35:15","modified_gmt":"2021-12-17T11:35:15","slug":"ars-centro-emite-medidas-de-prevencao-da-covid-19-a-adotar-no-natal-e-no-ano-novo","status":"publish","type":"post","link":"https:\/\/tintafresca.net\/index.php\/2021\/12\/17\/ars-centro-emite-medidas-de-prevencao-da-covid-19-a-adotar-no-natal-e-no-ano-novo\/","title":{"rendered":"ARS Centro emite medidas de preven\u00e7\u00e3o da COVID-19 a adotar no Natal e no Ano Novo"},"content":{"rendered":"<p><img loading=\"lazy\" decoding=\"async\" class=\"alignleft wp-image-11982 size-full\" src=\"https:\/\/tintafresca.net\/wp-content\/uploads\/2021\/12\/DGS30.jpg\" alt=\"\" width=\"500\" height=\"348\" \/>No contexto das festas de Natal e de fim de ano, e perante a atividade epid\u00e9mica COVID-19 no nosso Pa\u00eds, o Departamento de Sa\u00fade P\u00fablica da ARS Centro vem recordar, junto da popula\u00e7\u00e3o, a necessidade do cumprimento c\u00edvico e respons\u00e1vel das medidas de sa\u00fade p\u00fablica em vigor.<\/p>\n<p>Distanciamento de 1,5 metros em espa\u00e7os p\u00fablicos ou partilhados por pessoas que n\u00e3o sejam do mesmo n\u00facleo familiar;<\/p>\n<p>Uso de m\u00e1scara facial, em ambiente interior e nas situa\u00e7\u00f5es em que n\u00e3o seja poss\u00edvel assegurar o distanciamento f\u00edsico.<\/p>\n<p>Higieniza\u00e7\u00e3o das m\u00e3os \u2013 lavagem com \u00e1gua e sab\u00e3o ou sabonete l\u00edquido, ou esfregando-as com solu\u00e7\u00e3o antiss\u00e9tica de \u00e1lcool-gel.<\/p>\n<p>Arejamento e ventila\u00e7\u00e3o dos espa\u00e7os interiores, em especial quando partilhados \u2013 seja por meios naturais (portas e janelas), seja atrav\u00e9s de sistemas de ar condicionado, devidamente mantidos e assegurando a renova\u00e7\u00e3o de ar fresco.<\/p>\n<p>Etiqueta respirat\u00f3ria \u2013 proteger a tosse e o espirro com o antebra\u00e7o e n\u00e3o com a palma da m\u00e3o. Caso tenha colocada uma m\u00e1scara, n\u00e3o a dever\u00e1 tirar antes de espirrar ou tossir, mas dever\u00e1 substitu\u00ed-la, ap\u00f3s higieniza\u00e7\u00e3o das m\u00e3os.<\/p>\n<p>Autoavalia\u00e7\u00e3o di\u00e1ria de sinais e sintomas sugestivos de infe\u00e7\u00e3o (febre\/arrepios de frio, corrimento nasal, dores de garganta, dores de cabe\u00e7a, tosse, falta de ar, perda ou altera\u00e7\u00e3o do olfato ou do paladar, dores musculares\u2026). A sua presen\u00e7a implica isolamento imediato e contacto telef\u00f3nico com o seu centro de sa\u00fade ou com o SNS 24 (808 24 24 24) para triagem e orienta\u00e7\u00e3o.<\/p>\n<p>Proteja-se a si e aos outros, respeitando as medidas das Autoridades de Sa\u00fade.<\/p>\n<p>Vacine-se contra a COVID-19 e, quando recomendado, contra a gripe. Esta vacina \u00e9 gratuita a partir dos 60 anos de idade e est\u00e1 dispon\u00edvel nos Centros de Vacina\u00e7\u00e3o. Vacine-se, tamb\u00e9m, contra outras infe\u00e7\u00f5es respirat\u00f3rias, com a orienta\u00e7\u00e3o do seu m\u00e9dico de fam\u00edlia. Proteja-se, protegendo os outros.<\/p>\n<p>Teste-se regularmente para detetar o v\u00edrus da COVID-19. Nesta \u00e9poca festiva fa\u00e7a o seu teste na data o mais pr\u00f3xima poss\u00edvel dos seus conv\u00edvios familiares. A testagem permite detetar casos sem sintomas que, de outra forma, iriam infetar terceiros.<\/p>\n<p>Evite aglomera\u00e7\u00f5es fora do seu n\u00facleo familiar. As festas familiares alargadas s\u00e3o oportunidades de transmiss\u00e3o da COVID-19 e de outras infe\u00e7\u00f5es respirat\u00f3rias. Nos conv\u00edvios familiares mantenha o distanciamento entre as pessoas, redobrando os cuidados para com as pessoas mais idosas e mais vulner\u00e1veis. Sempre que poss\u00edvel use m\u00e1scara.<\/p>\n<p>Evite viagens desnecess\u00e1rias.<\/p>\n<p>Proteja os mais vulner\u00e1veis \u2013 como \u00e9 o caso dos idosos e dos doentes cr\u00f3nicos graves.<\/p>\n<p>Aceda a informa\u00e7\u00e3o cientificamente v\u00e1lida \u2013 a Dire\u00e7\u00e3o-Geral da Sa\u00fade criou um website que disponibiliza informa\u00e7\u00e3o destinada aos profissionais de sa\u00fade e ao p\u00fablico em geral. Mantenha-se informado quanto \u00e0s medidas de prote\u00e7\u00e3o da sa\u00fade em vigor.<\/p>\n<p>Mais informa\u00e7\u00f5es em <a href=\"http:\/\/Recomenda\u00e7\u00f5es em contexto de pandemia neste Natal e Ano Novo ARS Centro emite medidas de preven\u00e7\u00e3o da COVID-19 a adotar no Natal e no Ano Novo No contexto das festas de Natal e de fim de ano, e perante a atividade epid\u00e9mica COVID-19 no nosso Pa\u00eds, o Departamento de Sa\u00fade P\u00fablica da ARS Centro vem recordar, junto da popula\u00e7\u00e3o, a necessidade do cumprimento c\u00edvico e respons\u00e1vel das medidas de sa\u00fade p\u00fablica em vigor. Distanciamento de 1,5 metros em espa\u00e7os p\u00fablicos ou partilhados por pessoas que n\u00e3o sejam do mesmo n\u00facleo familiar; Uso de m\u00e1scara facial, em ambiente interior e nas situa\u00e7\u00f5es em que n\u00e3o seja poss\u00edvel assegurar o distanciamento f\u00edsico. Higieniza\u00e7\u00e3o das m\u00e3os \u2013 lavagem com \u00e1gua e sab\u00e3o ou sabonete l\u00edquido, ou esfregando-as com solu\u00e7\u00e3o antiss\u00e9tica de \u00e1lcool-gel. Arejamento e ventila\u00e7\u00e3o dos espa\u00e7os interiores, em especial quando partilhados \u2013 seja por meios naturais (portas e janelas), seja atrav\u00e9s de sistemas de ar condicionado, devidamente mantidos e assegurando a renova\u00e7\u00e3o de ar fresco. Etiqueta respirat\u00f3ria \u2013 proteger a tosse e o espirro com o antebra\u00e7o e n\u00e3o com a palma da m\u00e3o. Caso tenha colocada uma m\u00e1scara, n\u00e3o a dever\u00e1 tirar antes de espirrar ou tossir, mas dever\u00e1 substitu\u00ed-la, ap\u00f3s higieniza\u00e7\u00e3o das m\u00e3os. Autoavalia\u00e7\u00e3o di\u00e1ria de sinais e sintomas sugestivos de infe\u00e7\u00e3o (febre\/arrepios de frio, corrimento nasal, dores de garganta, dores de cabe\u00e7a, tosse, falta de ar, perda ou altera\u00e7\u00e3o do olfato ou do paladar, dores musculares\u2026). A sua presen\u00e7a implica isolamento imediato e contacto telef\u00f3nico com o seu centro de sa\u00fade ou com o SNS 24 (808 24 24 24) para triagem e orienta\u00e7\u00e3o. Proteja-se a si e aos outros, respeitando as medidas das Autoridades de Sa\u00fade. Vacine-se contra a COVID-19 e, quando recomendado, contra a gripe. Esta vacina \u00e9 gratuita a partir dos 60 anos de idade e est\u00e1 dispon\u00edvel nos Centros de Vacina\u00e7\u00e3o. Vacine-se, tamb\u00e9m, contra outras infe\u00e7\u00f5es respirat\u00f3rias, com a orienta\u00e7\u00e3o do seu m\u00e9dico de fam\u00edlia. Proteja-se, protegendo os outros. Teste-se regularmente para detetar o v\u00edrus da COVID-19. Nesta \u00e9poca festiva fa\u00e7a o seu teste na data o mais pr\u00f3xima poss\u00edvel dos seus conv\u00edvios familiares. A testagem permite detetar casos sem sintomas que, de outra forma, iriam infetar terceiros. Evite aglomera\u00e7\u00f5es fora do seu n\u00facleo familiar. As festas familiares alargadas s\u00e3o oportunidades de transmiss\u00e3o da COVID-19 e de outras infe\u00e7\u00f5es respirat\u00f3rias. Nos conv\u00edvios familiares mantenha o distanciamento entre as pessoas, redobrando os cuidados para com as pessoas mais idosas e mais vulner\u00e1veis. Sempre que poss\u00edvel use m\u00e1scara. Evite viagens desnecess\u00e1rias. Proteja os mais vulner\u00e1veis \u2013 como \u00e9 o caso dos idosos e dos doentes cr\u00f3nicos graves. Aceda a informa\u00e7\u00e3o cientificamente v\u00e1lida \u2013 a Dire\u00e7\u00e3o-Geral da Sa\u00fade criou um website que disponibiliza informa\u00e7\u00e3o destinada aos profissionais de sa\u00fade e ao p\u00fablico em geral. Mantenha-se informado quanto \u00e0s medidas de prote\u00e7\u00e3o da sa\u00fade em vigor. Mais informa\u00e7\u00f5es em dgs.pt Dire\u00e7\u00e3o-Geral da Sa\u00fade (dgs.pt)\">dgs.pt<\/a><\/p>\n<p><strong>\u00a0 \u00a0 Fonte: IC<\/strong><\/p>\n","protected":false},"excerpt":{"rendered":"<p>No contexto das festas de Natal e de fim de ano, e perante a atividade epid\u00e9mica COVID-19 no nosso Pa\u00eds, o Departamento de Sa\u00fade P\u00fablica da ARS Centro vem recordar, junto da popula\u00e7\u00e3o, a necessidade do cumprimento c\u00edvico e respons\u00e1vel das medidas de sa\u00fade p\u00fablica em vigor. Distanciamento de 1,5 metros em espa\u00e7os p\u00fablicos ou [&hellip;]<\/p>\n","protected":false},"author":2,"featured_media":11983,"comment_status":"open","ping_status":"open","sticky":false,"template":"","format":"standard","meta":{"footnotes":""},"categories":[6],"tags":[],"class_list":["post-11979","post","type-post","status-publish","format-standard","has-post-thumbnail","hentry","category-saude"],"_links":{"self":[{"href":"https:\/\/tintafresca.net\/index.php\/wp-json\/wp\/v2\/posts\/11979","targetHints":{"allow":["GET"]}}],"collection":[{"href":"https:\/\/tintafresca.net\/index.php\/wp-json\/wp\/v2\/posts"}],"about":[{"href":"https:\/\/tintafresca.net\/index.php\/wp-json\/wp\/v2\/types\/post"}],"author":[{"embeddable":true,"href":"https:\/\/tintafresca.net\/index.php\/wp-json\/wp\/v2\/users\/2"}],"replies":[{"embeddable":true,"href":"https:\/\/tintafresca.net\/index.php\/wp-json\/wp\/v2\/comments?post=11979"}],"version-history":[{"count":2,"href":"https:\/\/tintafresca.net\/index.php\/wp-json\/wp\/v2\/posts\/11979\/revisions"}],"predecessor-version":[{"id":11984,"href":"https:\/\/tintafresca.net\/index.php\/wp-json\/wp\/v2\/posts\/11979\/revisions\/11984"}],"wp:featuredmedia":[{"embeddable":true,"href":"https:\/\/tintafresca.net\/index.php\/wp-json\/wp\/v2\/media\/11983"}],"wp:attachment":[{"href":"https:\/\/tintafresca.net\/index.php\/wp-json\/wp\/v2\/media?parent=11979"}],"wp:term":[{"taxonomy":"category","embeddable":true,"href":"https:\/\/tintafresca.net\/index.php\/wp-json\/wp\/v2\/categories?post=11979"},{"taxonomy":"post_tag","embeddable":true,"href":"https:\/\/tintafresca.net\/index.php\/wp-json\/wp\/v2\/tags?post=11979"}],"curies":[{"name":"wp","href":"https:\/\/api.w.org\/{rel}","templated":true}]}}