{"id":11986,"date":"2021-12-17T18:43:29","date_gmt":"2021-12-17T18:43:29","guid":{"rendered":"https:\/\/tintafresca.net\/?p=11986"},"modified":"2021-12-17T18:43:29","modified_gmt":"2021-12-17T18:43:29","slug":"antonio-pocas-reeleito-para-liderar-a-nerlei-ate-2024","status":"publish","type":"post","link":"https:\/\/tintafresca.net\/index.php\/2021\/12\/17\/antonio-pocas-reeleito-para-liderar-a-nerlei-ate-2024\/","title":{"rendered":"Ant\u00f3nio Po\u00e7as reeleito para liderar a Nerlei at\u00e9 2024"},"content":{"rendered":"<div id=\"attachment_11988\" style=\"width: 510px\" class=\"wp-caption alignleft\"><img loading=\"lazy\" decoding=\"async\" aria-describedby=\"caption-attachment-11988\" class=\"wp-image-11988 size-full\" src=\"https:\/\/tintafresca.net\/wp-content\/uploads\/2021\/12\/Nerlei_Antonio_Pocas10.jpg\" alt=\"\" width=\"500\" height=\"333\" \/><p id=\"caption-attachment-11988\" class=\"wp-caption-text\">Interven\u00e7\u00e3o de Ant\u00f3nio Po\u00e7as<\/p><\/div>\n<p>Ant\u00f3nio Po\u00e7as, em representa\u00e7\u00e3o da empresa inCentea \u2013 Tecnologia de Gest\u00e3o, SA, foi reeleito, no dia 16 de dezembro, para um segundo mandato como presidente da Dire\u00e7\u00e3o da Nerlei \u2013 Associa\u00e7\u00e3o Empresarial da Regi\u00e3o de Leiria, continuando assim, a liderar a Associa\u00e7\u00e3o que representa o tecido empresarial do distrito de Leiria at\u00e9 2024.<\/p>\n<p>A acompanh\u00e1-lo na lista eleita, tamb\u00e9m continua na presid\u00eancia da Assembleia-geral, Jorge Santos, em representa\u00e7\u00e3o da empresa Vipex, SA; e o Conselho Fiscal \u00e9 liderado por Lu\u00eds Malh\u00f3 de Sousa, em representa\u00e7\u00e3o da empresa Cautio, Lda.<\/p>\n<p>Os \u00f3rg\u00e3os sociais, ontem eleitos, tomaram posse logo que conclu\u00eddo o processo de contagem de votos, perante uma plateia de cerca de 90 empres\u00e1rios e entidades, entre as quais o ministro do Planeamento, Nelson de Souza, convidado da Nerlei para proferir uma confer\u00eancia sobre \u201cFundos Europeus e Recupera\u00e7\u00e3o da Economia\u201d.<\/p>\n<p>Esta lista \u00fanica, eleita neste processo eleitoral da Nerlei, reflete j\u00e1 a \u00faltima altera\u00e7\u00e3o aos Estatutos da Associa\u00e7\u00e3o, passando agora a Dire\u00e7\u00e3o a ter dois vice-presidentes e onze membros. Integra alguns membros que, pela primeira vez, ocupam lugar nos \u00f3rg\u00e3os sociais da Nerlei, mas mant\u00e9m alguns dos que j\u00e1 anteriormente desempenharam fun\u00e7\u00f5es na Associa\u00e7\u00e3o.<\/p>\n<div id=\"attachment_11989\" style=\"width: 510px\" class=\"wp-caption alignleft\"><img loading=\"lazy\" decoding=\"async\" aria-describedby=\"caption-attachment-11989\" class=\"wp-image-11989 size-full\" src=\"https:\/\/tintafresca.net\/wp-content\/uploads\/2021\/12\/Nerlei_Nelson_Souza2.jpg\" alt=\"\" width=\"500\" height=\"333\" \/><p id=\"caption-attachment-11989\" class=\"wp-caption-text\">Interven\u00e7\u00e3o do ministro do Planeamento Nelson de Souza<\/p><\/div>\n<p>Esta duplicidade de caracter\u00edsticas da lista apresentada \u201cgarante, por um lado, a continuidade do trabalho desenvolvido nos 36 anos de exist\u00eancia da Nerlei, e por outro aporta o necess\u00e1rio fator de inova\u00e7\u00e3o<u>,<\/u> com a inclus\u00e3o de empres\u00e1rios e empres\u00e1rias jovens, din\u00e2micos e com capacidade de mobiliza\u00e7\u00e3o\u201d, refere Ant\u00f3nio Po\u00e7as.<\/p>\n<p>A prioridade desta Dire\u00e7\u00e3o para o pr\u00f3ximo tri\u00e9nio ser\u00e1 operacionalizar o Plano Estrat\u00e9gico Nerlei 2025, recentemente elaborado e apresentado, e focar a sua atua\u00e7\u00e3o em quest\u00f5es prementes para as empresas, como a descarboniza\u00e7\u00e3o e o acesso a novas formas de capitaliza\u00e7\u00e3o, dando cumprimento \u00e0quele que \u00e9 o prop\u00f3sito da Nerlei \u201cAgregar para Desenvolver, acrescentando valor aos seus associados, \u00e0s empresas e \u00e0 Regi\u00e3o de Leiria\u201d.<\/p>\n<p><strong>Lista eleita para os \u00d3rg\u00e3os Sociais da Nerlei para tri\u00e9nio 2022-24<\/strong><\/p>\n<p><strong><u>ASSEMBLEIA-GERAL<\/u><\/strong><\/p>\n<p><strong>Presidente: <\/strong>Vipex &#8211; Com\u00e9rcio e Ind\u00fastria de Pl\u00e1sticos, SA<br \/>\nRepresentada por: <strong>Jorge<\/strong> Manuel Cordeiro <strong>Santos<\/strong><\/p>\n<p><strong>Vice-presidente: <\/strong>Cefamol &#8211; Associa\u00e7\u00e3o Nacional da Ind\u00fastria de Moldes<br \/>\nRepresentada por: <strong>Jo\u00e3o<\/strong> Lu\u00eds Ferreira <strong>Faustino<\/strong><\/p>\n<p><strong>Secret\u00e1rio: <\/strong>Nov Autom\u00f3veis, SGPS, SA<br \/>\nRepresentante: <strong>Joaquim Paulo<\/strong> Cordeiro da <strong>Concei\u00e7\u00e3o<\/strong><\/p>\n<p><strong>Secret\u00e1rio Suplente: <\/strong>Manulena &#8211; Fabrica\u00e7\u00e3o de Ceras e Velas, Lda<br \/>\nRepresentante: <strong>Pedro<\/strong> Manuel da Silva <strong>Cust\u00f3dio<\/strong><\/p>\n<p><strong><u>DIRE\u00c7\u00c3O<\/u><\/strong><\/p>\n<p><strong>Presidente<\/strong>: inCentea \u2013 Tecnologia de Gest\u00e3o, SA<br \/>\nRepresentada por: <strong>Ant\u00f3nio<\/strong> Miguel Batista <strong>Po\u00e7as<\/strong> da Rosa<\/p>\n<p><strong>Vice-presidente<\/strong>: Instituto Polit\u00e9cnico de Leiria<br \/>\nRepresentada por: <strong>Rui<\/strong> Filipe Pinto <strong>Pedrosa<\/strong><\/p>\n<p><strong>Vice-presidente<\/strong>: DRT &#8211; Moldes e Pl\u00e1sticos, Lda<br \/>\nRepresentada por: <strong>S\u00f3nia<\/strong> Manuela Fazendeiro Duarte <strong>Calado<\/strong><\/p>\n<p><strong>Vogal Efetivo<\/strong>: Tecfil &#8211; T\u00e9cnica Fabrico de Fios, SA<br \/>\nRepresentada por: <strong>Paulo<\/strong> Fernando Pereira <strong>Valinha<\/strong><\/p>\n<p><strong>Vogal<\/strong> <strong>Efetivo<\/strong>: Respol &#8211; Resinas, SA<br \/>\nRepresentado por: <strong>Rui<\/strong> Pedro Lopes <strong>Brogueira<\/strong><\/p>\n<p><strong>Vogal Efetivo<\/strong>: Matcer\u00e2mica &#8211; Fabrico de Lou\u00e7a, SA<br \/>\nRepresentada por: <strong>Marcelo<\/strong> Franco de <strong>Sousa<\/strong><\/p>\n<p><strong>Vogal Efetivo<\/strong>: Labeto &#8211; Centro de An\u00e1lises Bioqu\u00edmicas, SA<br \/>\nRepresentada por: <strong>Maria Jo\u00e3o<\/strong> Godinho <strong>Tomaz<\/strong><\/p>\n<p><strong>Vogal Efetivo<\/strong>: PRF &#8211; G\u00e1s, Tecnologia e Constru\u00e7\u00e3o, SA<br \/>\nRepresentada por: <strong>Paulo<\/strong> Rui Cunha <strong>Ferreira<\/strong><\/p>\n<p><strong>Vogal Efetivo<\/strong>: Telma Carreira Curado &amp; Associados, SROC, Lda<br \/>\nRepresentada por: <strong>Telma<\/strong> Carreira <strong>Curado<\/strong><\/p>\n<p><strong>Vogal Suplente<\/strong>: Schaeffler Portugal, Unipessoal, Lda<br \/>\nRepresentada por: <strong>Ant\u00f3nio<\/strong> Fernando Alves de Campos <strong>Ricciulli<\/strong><\/p>\n<p><strong>Vogal Suplente<\/strong>: NIGEL &#8211; Congeladora Jos\u00e9 Nicolau, Lda<br \/>\nRepresentada por:<strong> Elsa<\/strong> Sofia Ferreira <strong>Nicolau<\/strong><\/p>\n<p><strong><u>CONSELHO FISCAL<\/u><\/strong><\/p>\n<p><strong>Presidente: <\/strong>Cautio \u2013 Servi\u00e7os de Gest\u00e3o, Lda<br \/>\nRepresentada por: <strong>Lu\u00eds<\/strong> Alberto <strong>Malh\u00f3 de Sousa<\/strong><\/p>\n<p><strong>Vice-presidente<\/strong>: Lusiaves &#8211; Ind\u00fastria e Com\u00e9rcio Agroalimentar, SA<br \/>\nRepresentada por: <strong>V\u00edtor<\/strong> Manuel Leit\u00e3o <strong>Coutinho<\/strong><\/p>\n<p><strong>Vogal Efetivo: <\/strong>Movicortes \u2013 Servi\u00e7os e Gest\u00e3o, SA<br \/>\nRepresentada por: <strong>Catarina<\/strong> Isabel Cunha <strong>Vieira<\/strong><\/p>\n<p><strong>Vogal Suplente<\/strong>: SOCEM ED \u2013 Fabrica\u00e7\u00e3o, Engenharia e Desenvolvimento de Moldes, Lda<br \/>\nRepresentada por: <strong>Lu\u00eds<\/strong> Francisco <strong>Febra<\/strong><\/p>\n<p><strong>\u00a0 \u00a0 Fonte: Nerlei<\/strong><\/p>\n","protected":false},"excerpt":{"rendered":"<p>Ant\u00f3nio Po\u00e7as, em representa\u00e7\u00e3o da empresa inCentea \u2013 Tecnologia de Gest\u00e3o, SA, foi reeleito, no dia 16 de dezembro, para um segundo mandato como presidente da Dire\u00e7\u00e3o da Nerlei \u2013 Associa\u00e7\u00e3o Empresarial da Regi\u00e3o de Leiria, continuando assim, a liderar a Associa\u00e7\u00e3o que representa o tecido empresarial do distrito de Leiria at\u00e9 2024. A acompanh\u00e1-lo [&hellip;]<\/p>\n","protected":false},"author":2,"featured_media":11990,"comment_status":"open","ping_status":"open","sticky":false,"template":"","format":"standard","meta":{"footnotes":""},"categories":[7],"tags":[],"class_list":["post-11986","post","type-post","status-publish","format-standard","has-post-thumbnail","hentry","category-economia"],"_links":{"self":[{"href":"https:\/\/tintafresca.net\/index.php\/wp-json\/wp\/v2\/posts\/11986","targetHints":{"allow":["GET"]}}],"collection":[{"href":"https:\/\/tintafresca.net\/index.php\/wp-json\/wp\/v2\/posts"}],"about":[{"href":"https:\/\/tintafresca.net\/index.php\/wp-json\/wp\/v2\/types\/post"}],"author":[{"embeddable":true,"href":"https:\/\/tintafresca.net\/index.php\/wp-json\/wp\/v2\/users\/2"}],"replies":[{"embeddable":true,"href":"https:\/\/tintafresca.net\/index.php\/wp-json\/wp\/v2\/comments?post=11986"}],"version-history":[{"count":2,"href":"https:\/\/tintafresca.net\/index.php\/wp-json\/wp\/v2\/posts\/11986\/revisions"}],"predecessor-version":[{"id":11991,"href":"https:\/\/tintafresca.net\/index.php\/wp-json\/wp\/v2\/posts\/11986\/revisions\/11991"}],"wp:featuredmedia":[{"embeddable":true,"href":"https:\/\/tintafresca.net\/index.php\/wp-json\/wp\/v2\/media\/11990"}],"wp:attachment":[{"href":"https:\/\/tintafresca.net\/index.php\/wp-json\/wp\/v2\/media?parent=11986"}],"wp:term":[{"taxonomy":"category","embeddable":true,"href":"https:\/\/tintafresca.net\/index.php\/wp-json\/wp\/v2\/categories?post=11986"},{"taxonomy":"post_tag","embeddable":true,"href":"https:\/\/tintafresca.net\/index.php\/wp-json\/wp\/v2\/tags?post=11986"}],"curies":[{"name":"wp","href":"https:\/\/api.w.org\/{rel}","templated":true}]}}