{"id":12031,"date":"2021-12-18T19:49:08","date_gmt":"2021-12-18T19:49:08","guid":{"rendered":"https:\/\/tintafresca.net\/?p=12031"},"modified":"2021-12-18T19:49:08","modified_gmt":"2021-12-18T19:49:08","slug":"fabrica-das-tradicoes-ja-abriu-na-marinha-grande","status":"publish","type":"post","link":"https:\/\/tintafresca.net\/index.php\/2021\/12\/18\/fabrica-das-tradicoes-ja-abriu-na-marinha-grande\/","title":{"rendered":"F\u00e1brica das Tradi\u00e7\u00f5es j\u00e1 abriu na Marinha Grande"},"content":{"rendered":"<div id=\"attachment_12033\" style=\"width: 510px\" class=\"wp-caption alignleft\"><img loading=\"lazy\" decoding=\"async\" aria-describedby=\"caption-attachment-12033\" class=\"wp-image-12033 size-full\" src=\"https:\/\/tintafresca.net\/wp-content\/uploads\/2021\/12\/MG_Natal20.jpg\" alt=\"\" width=\"500\" height=\"332\" \/><p id=\"caption-attachment-12033\" class=\"wp-caption-text\">Aur\u00e9lio Ferreira junto ao comboio de Natal<\/p><\/div>\n<p>O Parque da Cerca, na Marinha Grande, recebe a \u201cF\u00e1brica das Tradi\u00e7\u00f5es\u201d, que est\u00e1 instalada numa tenda gigante, at\u00e9 23 de dezembro, no \u00e2mbito do programa de anima\u00e7\u00e3o de Natal, organizado pela C\u00e2mara Municipal.<\/p>\n<p>A abertura da F\u00e1brica das Tradi\u00e7\u00f5es ocorreu na tarde desta sexta-feira, 17 de dezembro, tendo contado com a visita do presidente da C\u00e2mara, Aur\u00e9lio Ferreira, e da vereadora da Cultura, Ana Alves Monteiro.<\/p>\n<p>A F\u00e1brica das Tradi\u00e7\u00f5es \u00e9 um espa\u00e7o m\u00e1gico que pretende suscitar o esp\u00edrito natal\u00edcio vivido nesta \u00e9poca, lembrando muitas das tradi\u00e7\u00f5es de Natal, como: a Casa do Pai Natal, atividades e ateliers tradicionais, com especial destaque para o Carrocel Infantil, uma Zona Gaming VR com Locomotiva de Natal, para crian\u00e7as e jovens e uma zona lounge.<\/p>\n<div id=\"attachment_12034\" style=\"width: 510px\" class=\"wp-caption alignleft\"><img loading=\"lazy\" decoding=\"async\" aria-describedby=\"caption-attachment-12034\" class=\"wp-image-12034 size-full\" src=\"https:\/\/tintafresca.net\/wp-content\/uploads\/2021\/12\/MG_Natal10.jpg\" alt=\"\" width=\"500\" height=\"332\" \/><p id=\"caption-attachment-12034\" class=\"wp-caption-text\">Tenda de Natal\u00a0<\/p><\/div>\n<p>O Mercadinho de Natal apresenta venda de artesanato e produtos regionais, por associa\u00e7\u00f5es de car\u00e1cter social do concelho, nomeadamente:\u00a0ASURPI &#8211; Associa\u00e7\u00e3o dos Reformados,\u00a0Associa\u00e7\u00e3o Crescer e Crer,\u00a0Atlas &#8211; People Like Us, Casa Esperanza,\u00a0Liga Portuguesa Contra o Cancro,\u00a0Projectos de Vida S\u00e9nior e\u00a0SPEM &#8211; Sociedade Portuguesa de Esclerose M\u00faltipla.<\/p>\n<p>A entrada no espa\u00e7o e a participa\u00e7\u00e3o nas atividades infantis \u00e9 gratuita.<\/p>\n<p>A F\u00c1BRICA DAS TRADI\u00c7\u00d5ES<br \/>\nParque da Cerca &#8211; 17 a 23 de dezembro<br \/>\nHor\u00e1rio das atividades da Tenda<br \/>\nSex. \u2013 17h00 \u00e0s 21h30 | S\u00e1b. a Qui. &#8211; 10h30 \u00e0s 21h30<\/p>\n<p>NOTA IMPORTANTE:<\/p>\n<div id=\"attachment_12036\" style=\"width: 510px\" class=\"wp-caption alignleft\"><img loading=\"lazy\" decoding=\"async\" aria-describedby=\"caption-attachment-12036\" class=\"wp-image-12036 size-full\" src=\"https:\/\/tintafresca.net\/wp-content\/uploads\/2021\/12\/MG_Natal30.jpg\" alt=\"\" width=\"500\" height=\"332\" \/><p id=\"caption-attachment-12036\" class=\"wp-caption-text\">Zona lounge<\/p><\/div>\n<p>Em cumprimento das regras da DGS, para entrada no espa\u00e7o F\u00e1brica das Tradi\u00e7\u00f5es e participa\u00e7\u00e3o nas atividades, \u00e9 necess\u00e1ria a apresenta\u00e7\u00e3o de certificado digital de vacina\u00e7\u00e3o, a partir dos 12 anos de idade, ou teste PCR realizado at\u00e9 72h antes, ou teste antig\u00e9nio realizado nas \u00faltimas 48h.<\/p>\n<p><strong>\u00a0 \u00a0 Fonte: GCRP|CMMG<\/strong><\/p>\n","protected":false},"excerpt":{"rendered":"<p>O Parque da Cerca, na Marinha Grande, recebe a \u201cF\u00e1brica das Tradi\u00e7\u00f5es\u201d, que est\u00e1 instalada numa tenda gigante, at\u00e9 23 de dezembro, no \u00e2mbito do programa de anima\u00e7\u00e3o de Natal, organizado pela C\u00e2mara Municipal. A abertura da F\u00e1brica das Tradi\u00e7\u00f5es ocorreu na tarde desta sexta-feira, 17 de dezembro, tendo contado com a visita do presidente [&hellip;]<\/p>\n","protected":false},"author":2,"featured_media":12037,"comment_status":"open","ping_status":"open","sticky":false,"template":"","format":"standard","meta":{"footnotes":""},"categories":[7],"tags":[],"class_list":["post-12031","post","type-post","status-publish","format-standard","has-post-thumbnail","hentry","category-economia"],"_links":{"self":[{"href":"https:\/\/tintafresca.net\/index.php\/wp-json\/wp\/v2\/posts\/12031","targetHints":{"allow":["GET"]}}],"collection":[{"href":"https:\/\/tintafresca.net\/index.php\/wp-json\/wp\/v2\/posts"}],"about":[{"href":"https:\/\/tintafresca.net\/index.php\/wp-json\/wp\/v2\/types\/post"}],"author":[{"embeddable":true,"href":"https:\/\/tintafresca.net\/index.php\/wp-json\/wp\/v2\/users\/2"}],"replies":[{"embeddable":true,"href":"https:\/\/tintafresca.net\/index.php\/wp-json\/wp\/v2\/comments?post=12031"}],"version-history":[{"count":2,"href":"https:\/\/tintafresca.net\/index.php\/wp-json\/wp\/v2\/posts\/12031\/revisions"}],"predecessor-version":[{"id":12038,"href":"https:\/\/tintafresca.net\/index.php\/wp-json\/wp\/v2\/posts\/12031\/revisions\/12038"}],"wp:featuredmedia":[{"embeddable":true,"href":"https:\/\/tintafresca.net\/index.php\/wp-json\/wp\/v2\/media\/12037"}],"wp:attachment":[{"href":"https:\/\/tintafresca.net\/index.php\/wp-json\/wp\/v2\/media?parent=12031"}],"wp:term":[{"taxonomy":"category","embeddable":true,"href":"https:\/\/tintafresca.net\/index.php\/wp-json\/wp\/v2\/categories?post=12031"},{"taxonomy":"post_tag","embeddable":true,"href":"https:\/\/tintafresca.net\/index.php\/wp-json\/wp\/v2\/tags?post=12031"}],"curies":[{"name":"wp","href":"https:\/\/api.w.org\/{rel}","templated":true}]}}