{"id":12045,"date":"2021-12-19T17:31:42","date_gmt":"2021-12-19T17:31:42","guid":{"rendered":"https:\/\/tintafresca.net\/?p=12045"},"modified":"2021-12-19T17:36:20","modified_gmt":"2021-12-19T17:36:20","slug":"forum-economico-empresarial-debateu-na-marinha-grande-os-desafios-da-industria","status":"publish","type":"post","link":"https:\/\/tintafresca.net\/index.php\/2021\/12\/19\/forum-economico-empresarial-debateu-na-marinha-grande-os-desafios-da-industria\/","title":{"rendered":"F\u00f3rum Econ\u00f3mico Empresarial debateu na Marinha Grande os desafios da ind\u00fastria"},"content":{"rendered":"<div id=\"attachment_12047\" style=\"width: 510px\" class=\"wp-caption alignleft\"><img loading=\"lazy\" decoding=\"async\" aria-describedby=\"caption-attachment-12047\" class=\"wp-image-12047 size-full\" src=\"https:\/\/tintafresca.net\/wp-content\/uploads\/2021\/12\/MG_Lecil20.jpg\" alt=\"\" width=\"500\" height=\"332\" \/><p id=\"caption-attachment-12047\" class=\"wp-caption-text\">Painel de oradores<\/p><\/div>\n<p>Decorreu, no dia 14 de dezembro, o F\u00f3rum Econ\u00f3mico Empresarial \u201cOs desafios da Ind\u00fastria no p\u00f3s-Covid \u2013 Solu\u00e7\u00f5es para as empresas?\u201d, organizado pela Lecil, contabilidade e fiscalidade desde 1987.<\/p>\n<p>A iniciativa, que teve lugar no Audit\u00f3rio da Resinagem, na Marinha Grande, contou com o apoio institucional do Munic\u00edpio da Marinha Grande, e com a presen\u00e7a de cerca de uma centena de participantes.<\/p>\n<p>Na Sess\u00e3o de Abertura, em que intervieram Aur\u00e9lio Ferreira, presidente da C\u00e2mara da Marinha Grande, e Nuno Morgado, Administrador da Lecil, foi salientado que, apesar de o Pais continuar a atravessar um per\u00edodo dif\u00edcil, resultante do agravamento da pandemia, existe a confian\u00e7a de que as empresas saber\u00e3o ultrapassar este obst\u00e1culo com a ajuda do Governo portugu\u00eas e da Uni\u00e3o Europeia, nomeadamente atrav\u00e9s dos incentivos do Programa de Recupera\u00e7\u00e3o e Resili\u00eancia &#8211; PRR.<\/p>\n<p>Durante o segundo painel, moderado por Joana Petiz, diretora do Jornal Dinheiro Vivo, intervieram Concei\u00e7\u00e3o Carvalho, da Estrutura de Miss\u00e3o Recuperar Portugal, e Bruno Lopes, diretor da BA Glass da Marinha Grande.<\/p>\n<div id=\"attachment_12048\" style=\"width: 510px\" class=\"wp-caption alignleft\"><img loading=\"lazy\" decoding=\"async\" aria-describedby=\"caption-attachment-12048\" class=\"wp-image-12048 size-full\" src=\"https:\/\/tintafresca.net\/wp-content\/uploads\/2021\/12\/MG_Lecil10.jpg\" alt=\"\" width=\"500\" height=\"332\" \/><p id=\"caption-attachment-12048\" class=\"wp-caption-text\">F\u00f3rum Econ\u00f3mico Empresarial \u201cOs desafios da Ind\u00fastria no p\u00f3s-Covid \u2013 Solu\u00e7\u00f5es para as empresas\u201d teve lugar no Audit\u00f3rio da Resinagem<\/p><\/div>\n<p>A atual respons\u00e1vel pela Contratualiza\u00e7\u00e3o do PRR deu bastante enf\u00e2se \u00e0s al\u00edneas do PRR mais direcionadas para as empresas, em v\u00e1rias \u00e1reas que passam pela digitaliza\u00e7\u00e3o, at\u00e9 \u00e0 descarboniza\u00e7\u00e3o. Bruno Lopes real\u00e7ou a import\u00e2ncia da digitaliza\u00e7\u00e3o das empresas que considera ser fundamental para garantir um bom desempenho das mesmas.<\/p>\n<p>No terceiro painel, moderado por Jo\u00e3o Leonardo, diretor da Alfaloc, intervieram Lu\u00eds Febra, administrador do Grupo SOCEM, Paula Teixeira, Sales Manager no segmento dos contabilistas da SAGE Portugal e Nuno Morgado, administrador da Lecil.<\/p>\n<p>Foi debatida a import\u00e2ncia da gest\u00e3o rigorosa e informada, tendo os intervenientes abordado algumas quest\u00f5es tais como que fontes de informa\u00e7\u00e3o utilizar para tomar decis\u00f5es de curto ou longo prazo, ou como distinguir a credibilidade da informa\u00e7\u00e3o nos dias de hoje, dada a volatilidade da mesma.<\/p>\n<p>Segundo a organiza\u00e7\u00e3o, o evento cumpriu com todos os objetivos, nomeadamente dar relevo ao tecido empresarial da Marinha Grande e aos seus empres\u00e1rios, contribuir para informa\u00e7\u00e3o de qualidade acerca dos novos apoios do Plano de Recupera\u00e7\u00e3o e Resili\u00eancia e partilhar estrat\u00e9gias de recupera\u00e7\u00e3o no per\u00edodo p\u00f3s-Covid.<\/p>\n<p><strong>\u00a0 \u00a0 Fonte: Lecil<\/strong><\/p>\n","protected":false},"excerpt":{"rendered":"<p>Decorreu, no dia 14 de dezembro, o F\u00f3rum Econ\u00f3mico Empresarial \u201cOs desafios da Ind\u00fastria no p\u00f3s-Covid \u2013 Solu\u00e7\u00f5es para as empresas?\u201d, organizado pela Lecil, contabilidade e fiscalidade desde 1987. A iniciativa, que teve lugar no Audit\u00f3rio da Resinagem, na Marinha Grande, contou com o apoio institucional do Munic\u00edpio da Marinha Grande, e com a presen\u00e7a [&hellip;]<\/p>\n","protected":false},"author":2,"featured_media":12049,"comment_status":"open","ping_status":"open","sticky":false,"template":"","format":"standard","meta":{"footnotes":""},"categories":[7],"tags":[],"class_list":["post-12045","post","type-post","status-publish","format-standard","has-post-thumbnail","hentry","category-economia"],"_links":{"self":[{"href":"https:\/\/tintafresca.net\/index.php\/wp-json\/wp\/v2\/posts\/12045","targetHints":{"allow":["GET"]}}],"collection":[{"href":"https:\/\/tintafresca.net\/index.php\/wp-json\/wp\/v2\/posts"}],"about":[{"href":"https:\/\/tintafresca.net\/index.php\/wp-json\/wp\/v2\/types\/post"}],"author":[{"embeddable":true,"href":"https:\/\/tintafresca.net\/index.php\/wp-json\/wp\/v2\/users\/2"}],"replies":[{"embeddable":true,"href":"https:\/\/tintafresca.net\/index.php\/wp-json\/wp\/v2\/comments?post=12045"}],"version-history":[{"count":2,"href":"https:\/\/tintafresca.net\/index.php\/wp-json\/wp\/v2\/posts\/12045\/revisions"}],"predecessor-version":[{"id":12050,"href":"https:\/\/tintafresca.net\/index.php\/wp-json\/wp\/v2\/posts\/12045\/revisions\/12050"}],"wp:featuredmedia":[{"embeddable":true,"href":"https:\/\/tintafresca.net\/index.php\/wp-json\/wp\/v2\/media\/12049"}],"wp:attachment":[{"href":"https:\/\/tintafresca.net\/index.php\/wp-json\/wp\/v2\/media?parent=12045"}],"wp:term":[{"taxonomy":"category","embeddable":true,"href":"https:\/\/tintafresca.net\/index.php\/wp-json\/wp\/v2\/categories?post=12045"},{"taxonomy":"post_tag","embeddable":true,"href":"https:\/\/tintafresca.net\/index.php\/wp-json\/wp\/v2\/tags?post=12045"}],"curies":[{"name":"wp","href":"https:\/\/api.w.org\/{rel}","templated":true}]}}