{"id":12089,"date":"2021-12-20T18:12:41","date_gmt":"2021-12-20T18:12:41","guid":{"rendered":"https:\/\/tintafresca.net\/?p=12089"},"modified":"2021-12-20T18:15:54","modified_gmt":"2021-12-20T18:15:54","slug":"coordenador-cientifico-do-arouca-geopark-eleito-para-o-executive-board-da-rede-global-de-geoparques","status":"publish","type":"post","link":"https:\/\/tintafresca.net\/index.php\/2021\/12\/20\/coordenador-cientifico-do-arouca-geopark-eleito-para-o-executive-board-da-rede-global-de-geoparques\/","title":{"rendered":"Coordenador Cient\u00edfico do Arouca Geopark eleito para o Executive Board da Rede Global de Geoparques"},"content":{"rendered":"<div id=\"attachment_12091\" style=\"width: 410px\" class=\"wp-caption alignleft\"><img loading=\"lazy\" decoding=\"async\" aria-describedby=\"caption-attachment-12091\" class=\"wp-image-12091\" src=\"https:\/\/tintafresca.net\/wp-content\/uploads\/2021\/12\/Arouca_Artur_Sa10.jpg\" alt=\"\" width=\"400\" height=\"581\" \/><p id=\"caption-attachment-12091\" class=\"wp-caption-text\">Artur S\u00e1<\/p><\/div>\n<p>O Coordenador Cient\u00edfico do Arouca Geoparque Mundial da UNESCO, Artur S\u00e1, foi eleito membro do\u00a0<em>Executive Board<\/em>\u00a0da Rede Global de Geoparques (GGN), no decurso da Assembleia Geral deste organismo, que decorreu no dia 15 de dezembro, durante o 9\u00ba Congresso dos Geoparques Mundiais da UNESCO. Desta forma, tornou-se o primeiro portugu\u00eas a integrar este \u00f3rg\u00e3o executivo que tutela a GGN, rede constitu\u00edda, atualmente, por um total de 169 territ\u00f3rios distribu\u00eddos por 44 pa\u00edses.<\/p>\n<p>Para Artur S\u00e1 \u00abesta elei\u00e7\u00e3o \u00e9 resultado do reconhecimento do trabalho desenvolvido, ao longo de quase duas d\u00e9cadas, enquanto Coordenador Cient\u00edfico do Arouca Geoparque Mundial da UNESCO,\u00a0<em>Chair Holder<\/em>\u00a0da C\u00e1tedra UNESCO de \u2018Geoparques, Desenvolvimento Regional Sustentado e Estilos de Vida Saud\u00e1veis\u2019, e avaliador s\u00e9nior para os Geoparques Mundiais da UNESCO\u00bb.<\/p>\n<p><strong>\u00a0 \u00a0 \u00a0Fonte: AGA<\/strong><\/p>\n","protected":false},"excerpt":{"rendered":"<p>O Coordenador Cient\u00edfico do Arouca Geoparque Mundial da UNESCO, Artur S\u00e1, foi eleito membro do\u00a0Executive Board\u00a0da Rede Global de Geoparques (GGN), no decurso da Assembleia Geral deste organismo, que decorreu no dia 15 de dezembro, durante o 9\u00ba Congresso dos Geoparques Mundiais da UNESCO. Desta forma, tornou-se o primeiro portugu\u00eas a integrar este \u00f3rg\u00e3o executivo [&hellip;]<\/p>\n","protected":false},"author":2,"featured_media":12092,"comment_status":"open","ping_status":"open","sticky":false,"template":"","format":"standard","meta":{"footnotes":""},"categories":[9],"tags":[],"class_list":["post-12089","post","type-post","status-publish","format-standard","has-post-thumbnail","hentry","category-ambiente"],"_links":{"self":[{"href":"https:\/\/tintafresca.net\/index.php\/wp-json\/wp\/v2\/posts\/12089","targetHints":{"allow":["GET"]}}],"collection":[{"href":"https:\/\/tintafresca.net\/index.php\/wp-json\/wp\/v2\/posts"}],"about":[{"href":"https:\/\/tintafresca.net\/index.php\/wp-json\/wp\/v2\/types\/post"}],"author":[{"embeddable":true,"href":"https:\/\/tintafresca.net\/index.php\/wp-json\/wp\/v2\/users\/2"}],"replies":[{"embeddable":true,"href":"https:\/\/tintafresca.net\/index.php\/wp-json\/wp\/v2\/comments?post=12089"}],"version-history":[{"count":2,"href":"https:\/\/tintafresca.net\/index.php\/wp-json\/wp\/v2\/posts\/12089\/revisions"}],"predecessor-version":[{"id":12093,"href":"https:\/\/tintafresca.net\/index.php\/wp-json\/wp\/v2\/posts\/12089\/revisions\/12093"}],"wp:featuredmedia":[{"embeddable":true,"href":"https:\/\/tintafresca.net\/index.php\/wp-json\/wp\/v2\/media\/12092"}],"wp:attachment":[{"href":"https:\/\/tintafresca.net\/index.php\/wp-json\/wp\/v2\/media?parent=12089"}],"wp:term":[{"taxonomy":"category","embeddable":true,"href":"https:\/\/tintafresca.net\/index.php\/wp-json\/wp\/v2\/categories?post=12089"},{"taxonomy":"post_tag","embeddable":true,"href":"https:\/\/tintafresca.net\/index.php\/wp-json\/wp\/v2\/tags?post=12089"}],"curies":[{"name":"wp","href":"https:\/\/api.w.org\/{rel}","templated":true}]}}